{"id":1114,"date":"2025-02-23T15:43:00","date_gmt":"2025-02-23T15:43:00","guid":{"rendered":"https:\/\/tassadanslesmyriades.fr\/?p=1114"},"modified":"2025-02-23T16:35:15","modified_gmt":"2025-02-23T16:35:15","slug":"20250223_caen-bayeux","status":"publish","type":"post","link":"https:\/\/tassadanslesmyriades.fr\/?p=1114","title":{"rendered":"20250223_Caen &amp; Bayeux, Arromanches"},"content":{"rendered":"\n<figure class=\"wp-block-image size-large\"><img loading=\"lazy\" decoding=\"async\" width=\"858\" height=\"572\" src=\"https:\/\/tassadanslesmyriades.fr\/wp-content\/uploads\/2025\/02\/img_5619-1.jpg\" alt=\"\" class=\"wp-image-1101\" srcset=\"https:\/\/tassadanslesmyriades.fr\/wp-content\/uploads\/2025\/02\/img_5619-1.jpg 858w, https:\/\/tassadanslesmyriades.fr\/wp-content\/uploads\/2025\/02\/img_5619-1-300x200.jpg 300w, https:\/\/tassadanslesmyriades.fr\/wp-content\/uploads\/2025\/02\/img_5619-1-768x512.jpg 768w\" sizes=\"auto, (max-width: 858px) 100vw, 858px\" \/><figcaption class=\"wp-element-caption\">Caen &#8211; l\u2019abbaye aux Dames<\/figcaption><\/figure>\n\n\n\n<figure class=\"wp-block-image size-large\"><img loading=\"lazy\" decoding=\"async\" width=\"1024\" height=\"911\" src=\"https:\/\/tassadanslesmyriades.fr\/wp-content\/uploads\/2025\/02\/img_5617-1-1024x911.jpg\" alt=\"\" class=\"wp-image-1102\" srcset=\"https:\/\/tassadanslesmyriades.fr\/wp-content\/uploads\/2025\/02\/img_5617-1-1024x911.jpg 1024w, https:\/\/tassadanslesmyriades.fr\/wp-content\/uploads\/2025\/02\/img_5617-1-300x267.jpg 300w, https:\/\/tassadanslesmyriades.fr\/wp-content\/uploads\/2025\/02\/img_5617-1-768x683.jpg 768w, https:\/\/tassadanslesmyriades.fr\/wp-content\/uploads\/2025\/02\/img_5617-1.jpg 1284w\" sizes=\"auto, (max-width: 1024px) 100vw, 1024px\" \/><figcaption class=\"wp-element-caption\">Caen &#8211; librairie caf\u00e9 Memoranda et les rues de la ville<\/figcaption><\/figure>\n\n\n\n<figure class=\"wp-block-image size-large\"><img loading=\"lazy\" decoding=\"async\" width=\"1024\" height=\"908\" src=\"https:\/\/tassadanslesmyriades.fr\/wp-content\/uploads\/2025\/02\/img_5613-1-1024x908.jpg\" alt=\"\" class=\"wp-image-1103\" srcset=\"https:\/\/tassadanslesmyriades.fr\/wp-content\/uploads\/2025\/02\/img_5613-1-1024x908.jpg 1024w, https:\/\/tassadanslesmyriades.fr\/wp-content\/uploads\/2025\/02\/img_5613-1-300x266.jpg 300w, https:\/\/tassadanslesmyriades.fr\/wp-content\/uploads\/2025\/02\/img_5613-1-768x681.jpg 768w, https:\/\/tassadanslesmyriades.fr\/wp-content\/uploads\/2025\/02\/img_5613-1.jpg 1284w\" sizes=\"auto, (max-width: 1024px) 100vw, 1024px\" \/><figcaption class=\"wp-element-caption\">Caen &#8211; l\u2019abbaye aux Hommes et abbatiale Saint Etienne<\/figcaption><\/figure>\n\n\n\n<figure class=\"wp-block-image size-large\"><img loading=\"lazy\" decoding=\"async\" width=\"1024\" height=\"908\" src=\"https:\/\/tassadanslesmyriades.fr\/wp-content\/uploads\/2025\/02\/img_5611-1-1024x908.jpg\" alt=\"\" class=\"wp-image-1104\" srcset=\"https:\/\/tassadanslesmyriades.fr\/wp-content\/uploads\/2025\/02\/img_5611-1-1024x908.jpg 1024w, https:\/\/tassadanslesmyriades.fr\/wp-content\/uploads\/2025\/02\/img_5611-1-300x266.jpg 300w, https:\/\/tassadanslesmyriades.fr\/wp-content\/uploads\/2025\/02\/img_5611-1-768x681.jpg 768w, https:\/\/tassadanslesmyriades.fr\/wp-content\/uploads\/2025\/02\/img_5611-1.jpg 1284w\" sizes=\"auto, (max-width: 1024px) 100vw, 1024px\" \/><figcaption class=\"wp-element-caption\">Abbaye aux Hommes &#8211; Caen<\/figcaption><\/figure>\n\n\n\n<figure class=\"wp-block-image size-large\"><img loading=\"lazy\" decoding=\"async\" width=\"1024\" height=\"903\" src=\"https:\/\/tassadanslesmyriades.fr\/wp-content\/uploads\/2025\/02\/img_5609-1-1024x903.jpg\" alt=\"\" class=\"wp-image-1106\" srcset=\"https:\/\/tassadanslesmyriades.fr\/wp-content\/uploads\/2025\/02\/img_5609-1-1024x903.jpg 1024w, https:\/\/tassadanslesmyriades.fr\/wp-content\/uploads\/2025\/02\/img_5609-1-300x264.jpg 300w, https:\/\/tassadanslesmyriades.fr\/wp-content\/uploads\/2025\/02\/img_5609-1-768x677.jpg 768w, https:\/\/tassadanslesmyriades.fr\/wp-content\/uploads\/2025\/02\/img_5609-1.jpg 1284w\" sizes=\"auto, (max-width: 1024px) 100vw, 1024px\" \/><figcaption class=\"wp-element-caption\">Caen &#8211; abbaye aux Hommes &#8211; expo permanente m\u00e9morielle des r\u00e9fugi\u00e9s de Caen<\/figcaption><\/figure>\n\n\n\n<figure class=\"wp-block-image size-large\"><img loading=\"lazy\" decoding=\"async\" width=\"1024\" height=\"906\" src=\"https:\/\/tassadanslesmyriades.fr\/wp-content\/uploads\/2025\/02\/img_5576-1-1024x906.jpg\" alt=\"\" class=\"wp-image-1107\" srcset=\"https:\/\/tassadanslesmyriades.fr\/wp-content\/uploads\/2025\/02\/img_5576-1-1024x906.jpg 1024w, https:\/\/tassadanslesmyriades.fr\/wp-content\/uploads\/2025\/02\/img_5576-1-300x265.jpg 300w, https:\/\/tassadanslesmyriades.fr\/wp-content\/uploads\/2025\/02\/img_5576-1-768x679.jpg 768w, https:\/\/tassadanslesmyriades.fr\/wp-content\/uploads\/2025\/02\/img_5576-1.jpg 1284w\" sizes=\"auto, (max-width: 1024px) 100vw, 1024px\" \/><figcaption class=\"wp-element-caption\">Bayeux &#8211; cath\u00e9drale <\/figcaption><\/figure>\n\n\n\n<figure class=\"wp-block-image size-large\"><img loading=\"lazy\" decoding=\"async\" width=\"818\" height=\"1024\" src=\"https:\/\/tassadanslesmyriades.fr\/wp-content\/uploads\/2025\/02\/img_5575-1-818x1024.jpg\" alt=\"\" class=\"wp-image-1108\" srcset=\"https:\/\/tassadanslesmyriades.fr\/wp-content\/uploads\/2025\/02\/img_5575-1-818x1024.jpg 818w, https:\/\/tassadanslesmyriades.fr\/wp-content\/uploads\/2025\/02\/img_5575-1-240x300.jpg 240w, https:\/\/tassadanslesmyriades.fr\/wp-content\/uploads\/2025\/02\/img_5575-1-768x961.jpg 768w, https:\/\/tassadanslesmyriades.fr\/wp-content\/uploads\/2025\/02\/img_5575-1-1227x1536.jpg 1227w, https:\/\/tassadanslesmyriades.fr\/wp-content\/uploads\/2025\/02\/img_5575-1.jpg 1284w\" sizes=\"auto, (max-width: 818px) 100vw, 818px\" \/><figcaption class=\"wp-element-caption\">Diff\u00e9rentes vue de la cath\u00e9drale Notre Dame de Bayeux<\/figcaption><\/figure>\n\n\n\n<figure class=\"wp-block-image size-large\"><img loading=\"lazy\" decoding=\"async\" width=\"1024\" height=\"899\" src=\"https:\/\/tassadanslesmyriades.fr\/wp-content\/uploads\/2025\/02\/img_5574-1-1024x899.jpg\" alt=\"\" class=\"wp-image-1109\" srcset=\"https:\/\/tassadanslesmyriades.fr\/wp-content\/uploads\/2025\/02\/img_5574-1-1024x899.jpg 1024w, https:\/\/tassadanslesmyriades.fr\/wp-content\/uploads\/2025\/02\/img_5574-1-300x263.jpg 300w, https:\/\/tassadanslesmyriades.fr\/wp-content\/uploads\/2025\/02\/img_5574-1-768x674.jpg 768w, https:\/\/tassadanslesmyriades.fr\/wp-content\/uploads\/2025\/02\/img_5574-1.jpg 1284w\" sizes=\"auto, (max-width: 1024px) 100vw, 1024px\" \/><figcaption class=\"wp-element-caption\">Diff\u00e9rentes vues de l\u2019int\u00e9rieur et de l\u2019ext\u00e9rieur dont les vitraux et transepts de la cath\u00e9drale Notre Dame de Bayeux. <\/figcaption><\/figure>\n\n\n\n<figure class=\"wp-block-image size-large\"><img loading=\"lazy\" decoding=\"async\" width=\"1024\" height=\"908\" src=\"https:\/\/tassadanslesmyriades.fr\/wp-content\/uploads\/2025\/02\/img_5571-1-1024x908.jpg\" alt=\"\" class=\"wp-image-1110\" srcset=\"https:\/\/tassadanslesmyriades.fr\/wp-content\/uploads\/2025\/02\/img_5571-1-1024x908.jpg 1024w, https:\/\/tassadanslesmyriades.fr\/wp-content\/uploads\/2025\/02\/img_5571-1-300x266.jpg 300w, https:\/\/tassadanslesmyriades.fr\/wp-content\/uploads\/2025\/02\/img_5571-1-768x681.jpg 768w, https:\/\/tassadanslesmyriades.fr\/wp-content\/uploads\/2025\/02\/img_5571-1.jpg 1284w\" sizes=\"auto, (max-width: 1024px) 100vw, 1024px\" \/><figcaption class=\"wp-element-caption\">Diff\u00e9rentes vues de l\u2019int\u00e9rieur dont les vitraux et transepts de la cath\u00e9drale Notre Dame de Bayeux.<\/figcaption><\/figure>\n\n\n\n<figure class=\"wp-block-image size-large\"><img loading=\"lazy\" decoding=\"async\" width=\"1024\" height=\"923\" src=\"https:\/\/tassadanslesmyriades.fr\/wp-content\/uploads\/2025\/02\/img_5570-1-1024x923.jpg\" alt=\"\" class=\"wp-image-1111\" srcset=\"https:\/\/tassadanslesmyriades.fr\/wp-content\/uploads\/2025\/02\/img_5570-1-1024x923.jpg 1024w, https:\/\/tassadanslesmyriades.fr\/wp-content\/uploads\/2025\/02\/img_5570-1-300x270.jpg 300w, https:\/\/tassadanslesmyriades.fr\/wp-content\/uploads\/2025\/02\/img_5570-1-768x692.jpg 768w, https:\/\/tassadanslesmyriades.fr\/wp-content\/uploads\/2025\/02\/img_5570-1.jpg 1284w\" sizes=\"auto, (max-width: 1024px) 100vw, 1024px\" \/><figcaption class=\"wp-element-caption\">Diff\u00e9rentes vues de l\u2019int\u00e9rieur dont les vitraux et transepts de la cath\u00e9drale Notre Dame de Bayeux.<\/figcaption><\/figure>\n\n\n\n<figure class=\"wp-block-image size-large\"><img loading=\"lazy\" decoding=\"async\" width=\"1024\" height=\"913\" src=\"https:\/\/tassadanslesmyriades.fr\/wp-content\/uploads\/2025\/02\/img_5569-1-1024x913.jpg\" alt=\"\" class=\"wp-image-1112\" srcset=\"https:\/\/tassadanslesmyriades.fr\/wp-content\/uploads\/2025\/02\/img_5569-1-1024x913.jpg 1024w, https:\/\/tassadanslesmyriades.fr\/wp-content\/uploads\/2025\/02\/img_5569-1-300x268.jpg 300w, https:\/\/tassadanslesmyriades.fr\/wp-content\/uploads\/2025\/02\/img_5569-1-768x685.jpg 768w, https:\/\/tassadanslesmyriades.fr\/wp-content\/uploads\/2025\/02\/img_5569-1.jpg 1284w\" sizes=\"auto, (max-width: 1024px) 100vw, 1024px\" \/><figcaption class=\"wp-element-caption\">Diff\u00e9rentes vues de l\u2019int\u00e9rieur dont les vitraux et transepts de la cath\u00e9drale Notre Dame de Bayeux.<\/figcaption><\/figure>\n\n\n\n<figure class=\"wp-block-image size-large\"><img loading=\"lazy\" decoding=\"async\" width=\"1024\" height=\"904\" src=\"https:\/\/tassadanslesmyriades.fr\/wp-content\/uploads\/2025\/02\/img_5568-1-1024x904.jpg\" alt=\"\" class=\"wp-image-1113\" srcset=\"https:\/\/tassadanslesmyriades.fr\/wp-content\/uploads\/2025\/02\/img_5568-1-1024x904.jpg 1024w, https:\/\/tassadanslesmyriades.fr\/wp-content\/uploads\/2025\/02\/img_5568-1-300x265.jpg 300w, https:\/\/tassadanslesmyriades.fr\/wp-content\/uploads\/2025\/02\/img_5568-1-768x678.jpg 768w, https:\/\/tassadanslesmyriades.fr\/wp-content\/uploads\/2025\/02\/img_5568-1.jpg 1284w\" sizes=\"auto, (max-width: 1024px) 100vw, 1024px\" \/><figcaption class=\"wp-element-caption\">Diff\u00e9rentes vues de Bayeux et de l\u2019int\u00e9rieur dans l\u2019axe central de la cath\u00e9drale de Bayeux. <\/figcaption><\/figure>\n\n\n\n<figure class=\"wp-block-image size-large\"><img loading=\"lazy\" decoding=\"async\" width=\"1024\" height=\"908\" src=\"https:\/\/tassadanslesmyriades.fr\/wp-content\/uploads\/2025\/02\/img_5641-1-1024x908.jpg\" alt=\"\" class=\"wp-image-1115\" srcset=\"https:\/\/tassadanslesmyriades.fr\/wp-content\/uploads\/2025\/02\/img_5641-1-1024x908.jpg 1024w, https:\/\/tassadanslesmyriades.fr\/wp-content\/uploads\/2025\/02\/img_5641-1-300x266.jpg 300w, https:\/\/tassadanslesmyriades.fr\/wp-content\/uploads\/2025\/02\/img_5641-1-768x681.jpg 768w, https:\/\/tassadanslesmyriades.fr\/wp-content\/uploads\/2025\/02\/img_5641-1.jpg 1284w\" sizes=\"auto, (max-width: 1024px) 100vw, 1024px\" \/><figcaption class=\"wp-element-caption\">Arromanches &#8211; plage du d\u00e9barquement &#8211; Manche &#8211; ciel gris<\/figcaption><\/figure>\n\n\n\n<figure class=\"wp-block-image size-large\"><img loading=\"lazy\" decoding=\"async\" width=\"1024\" height=\"804\" src=\"https:\/\/tassadanslesmyriades.fr\/wp-content\/uploads\/2025\/02\/img_5640-1-1024x804.jpg\" alt=\"\" class=\"wp-image-1116\" srcset=\"https:\/\/tassadanslesmyriades.fr\/wp-content\/uploads\/2025\/02\/img_5640-1-1024x804.jpg 1024w, https:\/\/tassadanslesmyriades.fr\/wp-content\/uploads\/2025\/02\/img_5640-1-300x236.jpg 300w, https:\/\/tassadanslesmyriades.fr\/wp-content\/uploads\/2025\/02\/img_5640-1-768x603.jpg 768w, https:\/\/tassadanslesmyriades.fr\/wp-content\/uploads\/2025\/02\/img_5640-1.jpg 1284w\" sizes=\"auto, (max-width: 1024px) 100vw, 1024px\" \/><figcaption class=\"wp-element-caption\">Arromanches &#8211; plage du d\u00e9barquement &#8211; Manche &#8211; ciel gris <\/figcaption><\/figure>\n","protected":false},"excerpt":{"rendered":"","protected":false},"author":1,"featured_media":0,"comment_status":"open","ping_status":"closed","sticky":false,"template":"","format":"standard","meta":{"footnotes":""},"categories":[11,13,65],"tags":[79,86],"class_list":["post-1114","post","type-post","status-publish","format-standard","hentry","category-daily-logs","category-highlights","category-histoire","tag-histoire","tag-voyage"],"_links":{"self":[{"href":"https:\/\/tassadanslesmyriades.fr\/index.php?rest_route=\/wp\/v2\/posts\/1114","targetHints":{"allow":["GET"]}}],"collection":[{"href":"https:\/\/tassadanslesmyriades.fr\/index.php?rest_route=\/wp\/v2\/posts"}],"about":[{"href":"https:\/\/tassadanslesmyriades.fr\/index.php?rest_route=\/wp\/v2\/types\/post"}],"author":[{"embeddable":true,"href":"https:\/\/tassadanslesmyriades.fr\/index.php?rest_route=\/wp\/v2\/users\/1"}],"replies":[{"embeddable":true,"href":"https:\/\/tassadanslesmyriades.fr\/index.php?rest_route=%2Fwp%2Fv2%2Fcomments&post=1114"}],"version-history":[{"count":2,"href":"https:\/\/tassadanslesmyriades.fr\/index.php?rest_route=\/wp\/v2\/posts\/1114\/revisions"}],"predecessor-version":[{"id":1118,"href":"https:\/\/tassadanslesmyriades.fr\/index.php?rest_route=\/wp\/v2\/posts\/1114\/revisions\/1118"}],"wp:attachment":[{"href":"https:\/\/tassadanslesmyriades.fr\/index.php?rest_route=%2Fwp%2Fv2%2Fmedia&parent=1114"}],"wp:term":[{"taxonomy":"category","embeddable":true,"href":"https:\/\/tassadanslesmyriades.fr\/index.php?rest_route=%2Fwp%2Fv2%2Fcategories&post=1114"},{"taxonomy":"post_tag","embeddable":true,"href":"https:\/\/tassadanslesmyriades.fr\/index.php?rest_route=%2Fwp%2Fv2%2Ftags&post=1114"}],"curies":[{"name":"wp","href":"https:\/\/api.w.org\/{rel}","templated":true}]}}