{"id":1186,"date":"2025-05-02T08:25:03","date_gmt":"2025-05-02T08:25:03","guid":{"rendered":"https:\/\/tassadanslesmyriades.fr\/?p=1186"},"modified":"2025-05-02T08:38:19","modified_gmt":"2025-05-02T08:38:19","slug":"20250430_dailylog-et-chroniques-de-lecture","status":"publish","type":"post","link":"https:\/\/tassadanslesmyriades.fr\/?p=1186","title":{"rendered":"20250430_dailylog et chroniques de lecture"},"content":{"rendered":"\n<div id=\"ez-toc-container\" class=\"ez-toc-v2_0_82_2 counter-hierarchy ez-toc-counter ez-toc-grey ez-toc-container-direction\">\r\n<div class=\"ez-toc-title-container\">\r\n<p class=\"ez-toc-title\" style=\"cursor:inherit\">Table of Contents<\/p>\r\n<span class=\"ez-toc-title-toggle\"><a href=\"#\" class=\"ez-toc-pull-right ez-toc-btn ez-toc-btn-xs ez-toc-btn-default ez-toc-toggle\" aria-label=\"Toggle Table of Content\"><span class=\"ez-toc-js-icon-con\"><span class=\"\"><span class=\"eztoc-hide\" style=\"display:none;\">Toggle<\/span><span class=\"ez-toc-icon-toggle-span\"><svg style=\"fill: #999;color:#999\" xmlns=\"http:\/\/www.w3.org\/2000\/svg\" class=\"list-377408\" width=\"20px\" height=\"20px\" viewBox=\"0 0 24 24\" fill=\"none\"><path d=\"M6 6H4v2h2V6zm14 0H8v2h12V6zM4 11h2v2H4v-2zm16 0H8v2h12v-2zM4 16h2v2H4v-2zm16 0H8v2h12v-2z\" fill=\"currentColor\"><\/path><\/svg><svg style=\"fill: #999;color:#999\" class=\"arrow-unsorted-368013\" xmlns=\"http:\/\/www.w3.org\/2000\/svg\" width=\"10px\" height=\"10px\" viewBox=\"0 0 24 24\" version=\"1.2\" baseProfile=\"tiny\"><path d=\"M18.2 9.3l-6.2-6.3-6.2 6.3c-.2.2-.3.4-.3.7s.1.5.3.7c.2.2.4.3.7.3h11c.3 0 .5-.1.7-.3.2-.2.3-.5.3-.7s-.1-.5-.3-.7zM5.8 14.7l6.2 6.3 6.2-6.3c.2-.2.3-.5.3-.7s-.1-.5-.3-.7c-.2-.2-.4-.3-.7-.3h-11c-.3 0-.5.1-.7.3-.2.2-.3.5-.3.7s.1.5.3.7z\"\/><\/svg><\/span><\/span><\/span><\/a><\/span><\/div>\r\n<nav><ul class='ez-toc-list ez-toc-list-level-1 ' ><li class='ez-toc-page-1 ez-toc-heading-level-2'><a class=\"ez-toc-link ez-toc-heading-1\" href=\"https:\/\/tassadanslesmyriades.fr\/?p=1186\/#Jai_vu\" >J\u2019ai vu<\/a><\/li><li class='ez-toc-page-1 ez-toc-heading-level-2'><a class=\"ez-toc-link ez-toc-heading-2\" href=\"https:\/\/tassadanslesmyriades.fr\/?p=1186\/#Grande_nouvelle_pro\" >Grande nouvelle (pro)<\/a><\/li><li class='ez-toc-page-1 ez-toc-heading-level-2'><a class=\"ez-toc-link ez-toc-heading-3\" href=\"https:\/\/tassadanslesmyriades.fr\/?p=1186\/#Fatigue\" >Fatigue<\/a><\/li><li class='ez-toc-page-1 ez-toc-heading-level-2'><a class=\"ez-toc-link ez-toc-heading-4\" href=\"https:\/\/tassadanslesmyriades.fr\/?p=1186\/#Reviews_diverses_et_variees\" >Reviews diverses et vari\u00e9es<\/a><ul class='ez-toc-list-level-4' ><li class='ez-toc-heading-level-4'><ul class='ez-toc-list-level-4' ><li class='ez-toc-heading-level-4'><a class=\"ez-toc-link ez-toc-heading-5\" href=\"https:\/\/tassadanslesmyriades.fr\/?p=1186\/#Ou_atterrir_De_Bruno_Latour\" >O\u00f9 atterrir ? De Bruno Latour<\/a><\/li><li class='ez-toc-page-1 ez-toc-heading-level-4'><a class=\"ez-toc-link ez-toc-heading-6\" href=\"https:\/\/tassadanslesmyriades.fr\/?p=1186\/#Ou_atterrir_by_Bruno_Latour\" >O\u00f9 atterrir ? by Bruno Latour<\/a><\/li><li class='ez-toc-page-1 ez-toc-heading-level-4'><a class=\"ez-toc-link ez-toc-heading-7\" href=\"https:\/\/tassadanslesmyriades.fr\/?p=1186\/#Linquietude_detre_au_monde_de_Camille_de_Tolede\" >L\u2019inqui\u00e9tude d\u2019\u00eatre au monde de Camille de Tol\u00e8de<\/a><\/li><li class='ez-toc-page-1 ez-toc-heading-level-4'><a class=\"ez-toc-link ez-toc-heading-8\" href=\"https:\/\/tassadanslesmyriades.fr\/?p=1186\/#un_livre_sur_une_secte_aux_idees_nzies\" >un livre sur une secte aux id\u00e9es n*zies<\/a><\/li><li class='ez-toc-page-1 ez-toc-heading-level-4'><a class=\"ez-toc-link ez-toc-heading-9\" href=\"https:\/\/tassadanslesmyriades.fr\/?p=1186\/#La_Fabrique_du_sexe_de_Laqueur\" >La Fabrique du sexe de Laqueur<\/a><\/li><li class='ez-toc-page-1 ez-toc-heading-level-4'><a class=\"ez-toc-link ez-toc-heading-10\" href=\"https:\/\/tassadanslesmyriades.fr\/?p=1186\/#Christophe_Colomb_et_autres_cannibales_de_Forbes\" >Christophe Colomb et autres cannibales de Forbes<\/a><\/li><li class='ez-toc-page-1 ez-toc-heading-level-4'><a class=\"ez-toc-link ez-toc-heading-11\" href=\"https:\/\/tassadanslesmyriades.fr\/?p=1186\/#Proliferations_de_Anna_Tsing\" >Prolif\u00e9rations de Anna Tsing<\/a><\/li><li class='ez-toc-page-1 ez-toc-heading-level-4'><a class=\"ez-toc-link ez-toc-heading-12\" href=\"https:\/\/tassadanslesmyriades.fr\/?p=1186\/#Joyce_Carol_Oates\" >Joyce Carol Oates<\/a><\/li><li class='ez-toc-page-1 ez-toc-heading-level-4'><a class=\"ez-toc-link ez-toc-heading-13\" href=\"https:\/\/tassadanslesmyriades.fr\/?p=1186\/#La_nature_existe_by_Renaud_Garcia_Michel_Blay\" >La nature existe by Renaud Garcia, Michel Blay<\/a><\/li><li class='ez-toc-page-1 ez-toc-heading-level-4'><a class=\"ez-toc-link ez-toc-heading-14\" href=\"https:\/\/tassadanslesmyriades.fr\/?p=1186\/#Extinction_Une_histoire_radicale_by_Ashley_Dawson\" >Extinction: Une histoire radicale by Ashley Dawson<\/a><\/li><\/ul><\/li><\/ul><\/li><\/ul><\/nav><\/div>\r\n<h2 class=\"wp-block-heading\"><span class=\"ez-toc-section\" id=\"Jai_vu\"><\/span>J\u2019ai vu<span class=\"ez-toc-section-end\"><\/span><\/h2>\n\n\n\n<p>J\u2019ai regard\u00e9 la vid\u00e9o de Jc Latt\u00e8s Qui filme dans les bureaux des \u00e9crivains et des \u00e9crivaines : \u270d\ud83c\udffd&nbsp;<\/p>\n\n\n\n<ul class=\"wp-block-list has-list-bullet\">\n<li>L\u00e0 o\u00f9 j\u2019\u00e9cris de Marion S\u00e9clin :&nbsp;<a class=\"external-link\" href=\"https:\/\/youtu.be\/I0eI8yjfFgo?si=E-jjkFDa_ozvrwkO\" target=\"_blank\" rel=\"noreferrer noopener\">https:\/\/youtu.be\/I0eI8yjfFgo?si=E-jjkFDa_ozvrwkO<\/a><br \/>Dans tous les commentaires des autres vid\u00e9os, \u00e0 part celle-ci des gens disent que les \u00e9crivains sont des grands bourgeois, Il est vrai que leur appartement sont immense et que leur vie n\u2019avoir rien \u00e0 voir avec la vie d\u2019un \u00e9crivain d\u00e9sargent\u00e9.<br \/>Personnellement, j\u2019ai beaucoup de livres dans mes billy IKEA donc je passe pour une grande bourgeoise lettr\u00e9e. Par contre, ne vous y m\u00e9prenez pas j\u2019ai z\u00e9ro Pl\u00e9iade.&nbsp;<\/li>\n<\/ul>\n\n\n\n<h2 class=\"wp-block-heading\"><span class=\"ez-toc-section\" id=\"Grande_nouvelle_pro\"><\/span>Grande nouvelle (pro)<span class=\"ez-toc-section-end\"><\/span><\/h2>\n\n\n\n<p>J\u2019ai une grande nouvelle mais je n\u2019ose<br \/>Pas encore le dire ici<br \/>J\u2019ai peur d\u2019un contre-sort<br \/>Ou d\u2019une mal\u00e9diction<br \/>Mais disons que j\u2019ai une bonne \u00e9toile quelque part.<br \/>Merci ma bonne \u00e9toile. \ud83c\udf1f&nbsp;<\/p>\n\n\n\n<h2 class=\"wp-block-heading\"><span class=\"ez-toc-section\" id=\"Fatigue\"><\/span>Fatigue<span class=\"ez-toc-section-end\"><\/span><\/h2>\n\n\n\n<p>Donc, apr\u00e8s l\u2019annonce de cette grande nouvelle, je n\u2019ai pas r\u00e9ussi \u00e0 dormir. \ud83d\udca4&nbsp;<\/p>\n\n\n\n<p>Je monte une nouvelle vid\u00e9o.&nbsp;<\/p>\n\n\n\n<h2 class=\"wp-block-heading\"><span class=\"ez-toc-section\" id=\"Reviews_diverses_et_variees\"><\/span>Reviews diverses et vari\u00e9es<span class=\"ez-toc-section-end\"><\/span><\/h2>\n\n\n\n<figure class=\"wp-block-image size-large\"><img loading=\"lazy\" decoding=\"async\" width=\"768\" height=\"1024\" src=\"https:\/\/tassadanslesmyriades.fr\/wp-content\/uploads\/2025\/05\/img_6646-1-768x1024.jpg\" alt=\"\" class=\"wp-image-1187\" srcset=\"https:\/\/tassadanslesmyriades.fr\/wp-content\/uploads\/2025\/05\/img_6646-1-768x1024.jpg 768w, https:\/\/tassadanslesmyriades.fr\/wp-content\/uploads\/2025\/05\/img_6646-1-225x300.jpg 225w, https:\/\/tassadanslesmyriades.fr\/wp-content\/uploads\/2025\/05\/img_6646-1-1152x1536.jpg 1152w, https:\/\/tassadanslesmyriades.fr\/wp-content\/uploads\/2025\/05\/img_6646-1.jpg 1500w\" sizes=\"auto, (max-width: 768px) 100vw, 768px\" \/><figcaption class=\"wp-element-caption\">Couverture du livre O\u00f9 Atterrir ? de Bruno Latour avec en fond le jardin. <\/figcaption><\/figure>\n\n\n\n<h4 class=\"wp-block-heading\"><span class=\"ez-toc-section\" id=\"Ou_atterrir_De_Bruno_Latour\"><\/span>O\u00f9 atterrir ? De Bruno Latour<span class=\"ez-toc-section-end\"><\/span><\/h4>\n\n\n\n<h4 class=\"wp-block-heading\"><span class=\"ez-toc-section\" id=\"Ou_atterrir_by_Bruno_Latour\"><\/span><a rel=\"noreferrer noopener\" class=\"external-link\" href=\"https:\/\/app.thestorygraph.com\/books\/5860fef8-281e-48e5-9be4-566135f28724\" target=\"_blank\">O\u00f9 atterrir ? by Bruno Latour<\/a><span class=\"ez-toc-section-end\"><\/span><\/h4>\n\n\n\n<p>3.5&nbsp;\/ 5&nbsp;<\/p>\n\n\n\n<p>Le message du d\u00e9but et de fin est bien, mais surnage dans un vaste charabia conceptuel pour r\u00e9inventer des concepts et remplacer ceux qui pr\u00e9dominaient dans les ruines de la modernisation. La dissolution de concepts cl\u00e9s tels que \u00ab nature \u00bb, \u00ab culture \u00bb, \u00ab humain \u00bb ou \u00ab animal \u00bb \u00e9tait une bonne id\u00e9e au d\u00e9part, comme test ou exp\u00e9rimentation linguistique, avant qu\u2019on s\u2019aper\u00e7oive qu\u2019au quotidien, dans le concret de nos vies et m\u00eame des sciences, ils s\u2019appliquent mal. N\u00e9anmoins, on reconna\u00eetre que Latour comme Descola sont les premiers \u00e0 s\u2019y coller. Mais que peut-\u00eatre leur \u0153uvre sera d\u00e9j\u00e0 obsol\u00e8te dans une dizaine d\u2019ann\u00e9e au profit d\u2019une \u00e9cologie de la pens\u00e9e bien plus radicale.<\/p>\n\n\n\n<h4 class=\"wp-block-heading\"><span class=\"ez-toc-section\" id=\"Linquietude_detre_au_monde_de_Camille_de_Tolede\"><\/span>L\u2019inqui\u00e9tude d\u2019\u00eatre au monde de Camille de Tol\u00e8de<span class=\"ez-toc-section-end\"><\/span><\/h4>\n\n\n\n<p><a rel=\"noreferrer noopener\" class=\"external-link\" href=\"https:\/\/app.thestorygraph.com\/books\/26b94f6b-8a20-4185-ad38-91954f3e3ca3\" target=\"_blank\">L&rsquo;inqui\u00e9tude d&rsquo;\u00eatre au monde by Camille de Toledo<\/a><\/p>\n\n\n\n<p><a rel=\"noreferrer noopener\" class=\"external-link\" href=\"https:\/\/app.thestorygraph.com\/reviews\/d39ef55e-4cbc-4d62-b912-c1cb916532e0\" target=\"_blank\">Go to review page<\/a><\/p>\n\n\n\n<p>inspiring<\/p>\n\n\n\n<p>4.5&nbsp;<\/p>\n\n\n\n<p>\u00ab&nbsp;Je me suis jur\u00e9, enfant, de ne jamais \u00e9crire ce mot&nbsp;:<br \/>racine et je tiendrai ma promesse.<br \/>C\u2019est un mot de la consolation<br \/>pour ceux qui n\u2019ont plus assez d\u2019esprit pour se tenir,<br \/>se soutenir, et survivre \u00e0 ce r\u00e8gne<br \/>technocratique et animal de la modernit\u00e9.<br \/>Je ne les excuse pas. Je ne leur pardonne pas.<br \/>Tout est l\u00e0, \u00e0 leur port\u00e9e.<br \/>Et moi aussi,<br \/>je pourrais \u00eatre gagn\u00e9 par la peur.&nbsp;\u00bb&nbsp;<\/p>\n\n\n\n<p>\u00ab&nbsp;Je veux mettre ce texte&nbsp;\u2013&nbsp;L\u2019inqui\u00e9tude d\u2019\u00eatre au monde&nbsp;\u2013<br \/>sous la paternit\u00e9 de deux phrases. La premi\u00e8re est<br \/>d\u2019Aim\u00e9 C\u00e9saire. C\u2019est une phrase qui me fait penser \u00e0<br \/>la complicit\u00e9 de Frantz Fanon et de Jean Am\u00e9ry. Ou,<br \/>plus justement, \u00e0 la lecture, apr\u00e8s la Seconde Guerre<br \/>mondiale, de Frantz Fanon par Jean Am\u00e9ry. Cette<br \/>phrase de C\u00e9saire tisse un lien d\u00e9cisif, par-del\u00e0 toute<br \/>d\u00e9termination ethnique. Elle est extraite de Cahier d\u2019un<br \/>retour au pays natal.&nbsp;Comme il y a des hommes-hy\u00e8nes, \u00e9crit C\u00e9saire, et<br \/>des hommes-panth\u00e8res, je serais un homme-juif, un<br \/>homme-cafre, un homme-hindou-de-Calcutta, un<br \/>homme-de-Harlem-qui-ne-vote-pas\u2026&nbsp;&nbsp;\u00bb&nbsp;<\/p>\n\n\n\n<p>Extrait de&nbsp;<br \/>L&rsquo;inqui\u00e9tude d&rsquo;\u00eatre au monde<br \/>Ce contenu est peut-\u00eatre prot\u00e9g\u00e9 par des droits d\u2019auteur.<\/p>\n\n\n\n<h4 class=\"wp-block-heading\"><span class=\"ez-toc-section\" id=\"un_livre_sur_une_secte_aux_idees_nzies\"><\/span>un livre sur une secte aux id\u00e9es n*zies<span class=\"ez-toc-section-end\"><\/span><\/h4>\n\n\n\n<p><a rel=\"noreferrer noopener\" class=\"external-link\" href=\"https:\/\/app.thestorygraph.com\/books\/3ee805a9-dfa9-46e3-bbea-b1590d062485\" target=\"_blank\">Les constellations familiales: Se lib\u00e9rer du pass\u00e9 familial et souvrir au pr\u00e9sent de sa vie by Maureen Boigen<\/a><\/p>\n\n\n\n<p><a rel=\"noreferrer noopener\" class=\"external-link\" href=\"https:\/\/app.thestorygraph.com\/reviews\/01294d67-ec17-4bbb-8e7c-6146bd52ffaa\" target=\"_blank\">Go to review page<\/a><\/p>\n\n\n\n<p>fast-paced<\/p>\n\n\n\n<p>0.5&nbsp;<\/p>\n\n\n\n<p>La th\u00e9orie des constellations familiales a \u00e9t\u00e9 cr\u00e9\u00e9e par un homme, allemand, ancien pr\u00eatre, aux id\u00e9es proches du national socialisme (les Nazis!) fond\u00e9e sur le trauma familial et inventant par l\u2019imaginaire des liens et du sens entre des choses qui n\u2019en ont pas. La plupart des s\u00e9ances avec une relation \u00ab client \u00bb d\u00e9crite dans le livre, ressemble beaucoup aux s\u00e9ances des sectes bas\u00e9es sur la r\u00e9paration et le trauma vous for\u00e7ant \u00e0 trouver un dysfonctionnement familial l\u00e0 o\u00f9 il n\u2019y en a pas ! \u00c9couter le podcast Meta de choc pourra informer les lecteurs et lectrices de ce type d\u2019ouvrage (\u00e9pisode Psychog\u00e9n\u00e9ologie et constellations familiales).<\/p>\n\n\n\n<h4 class=\"wp-block-heading\"><span class=\"ez-toc-section\" id=\"La_Fabrique_du_sexe_de_Laqueur\"><\/span>La Fabrique du sexe de Laqueur<span class=\"ez-toc-section-end\"><\/span><\/h4>\n\n\n\n<p><a rel=\"noreferrer noopener\" class=\"external-link\" href=\"https:\/\/app.thestorygraph.com\/books\/7bd33c30-5336-4f1a-a051-af7ddf2846b4\" target=\"_blank\">La fabrique du sexe. Essai sur le corps et le genre en Occident by Thomas W. Laqueur<\/a><\/p>\n\n\n\n<p><a rel=\"noreferrer noopener\" class=\"external-link\" href=\"https:\/\/app.thestorygraph.com\/reviews\/55a80c1b-5b88-4c0a-ac0a-d47eb234c28e\" target=\"_blank\">Go to review page<\/a><\/p>\n\n\n\n<p>reflective&nbsp;slow-paced<\/p>\n\n\n\n<p>2.5&nbsp;<\/p>\n\n\n\n<p>I have some reservations regarding Thomas Laqueur\u2019s work. History can be unforgiving, even for influential historians, and sometimes their theories become outdated within a few decades. Laqueur\u2019s central thesis has faced substantial criticism, particularly from female historians and specialists in the early modern period. Personally, I find his tone overly assertive when discussing certain historical \u201cfacts\u201d as if they were absolute truths. Rather than offering a nuanced account of how Enlightenment thought constructed the sex dichotomy, his narrative suggests a somewhat reductive understanding of Antiquity and the Renaissance. Ultimately, he seems unable to break away from the classic historiographical divide between \u201cAncient times\u201d and \u201cmodernity\u201d \u2014 a framework that many scholars today regard as insufficient for thinking critically about gender and the historical relationships between men and women.<\/p>\n\n\n\n<h4 class=\"wp-block-heading\"><span class=\"ez-toc-section\" id=\"Christophe_Colomb_et_autres_cannibales_de_Forbes\"><\/span>Christophe Colomb et autres cannibales de Forbes<span class=\"ez-toc-section-end\"><\/span><\/h4>\n\n\n\n<p><a rel=\"noreferrer noopener\" class=\"external-link\" href=\"https:\/\/app.thestorygraph.com\/books\/b28d5eb8-e049-4187-96ee-70d00f165018\" target=\"_blank\">Christophe Colomb et autres cannibales by Jack D. Forbes<\/a><\/p>\n\n\n\n<p><a rel=\"noreferrer noopener\" class=\"external-link\" href=\"https:\/\/app.thestorygraph.com\/reviews\/3a92ea0c-7736-4b93-afa7-7d6a1254b778\" target=\"_blank\">Go to review page<\/a><\/p>\n\n\n\n<p>inspiring&nbsp;medium-paced<\/p>\n\n\n\n<p>4.5&nbsp;<\/p>\n\n\n\n<p>Un livre tr\u00e8s important \u00e9crit dans les ann\u00e9es 70, qui pourtant sonne comme s\u2019il avait \u00e9t\u00e9 \u00e9crit en 2025. Forbes \u00e9voquait d\u00e9j\u00e0 l\u2019histoire du capitalisme destructeur et de la colonisation tueuse, sous la forme du \u00ab w\u00e9tiko \u00bb, il parlait aussi d\u00e9j\u00e0 de la Palestine en des termes tr\u00e8s justes, des femmes, des minorit\u00e9s, dessinant les traits des grandes religions monoth\u00e9istes comme responsables de grands malheurs. La pr\u00e9face permet aussi de comprends pourquoi ce texte \u00e0 charge a \u00e9t\u00e9 \u00e9crit par cet universitaire. &nbsp;Le g\u00e9nocide am\u00e9rindien perp\u00e9tr\u00e9 par les \u00c9tats-Unis, la s\u00e9gr\u00e9gation, l\u2019imp\u00e9rialisme US, toutes ces inventions am\u00e9ricaines remettent \u00e0 l\u2019endroit les aiguilles de l\u2019horloge : le cannibale passe de l\u2019\u00e9tiquet\u00e9 \u00ab sauvage \u00bb \u00e0 l\u2019homme Blanc puis aux puissants m\u00e9galomanes &#8211; flanqu\u00e9s d\u2019intelligence (on pense d\u00e9j\u00e0 \u00e0 Musk). C\u2019est toujours assez dingue de lire les textes am\u00e9ricains qui d\u00e9non\u00e7aient d\u00e9j\u00e0 sans que presque rien ne change\u2026 m\u00eame si des lib\u00e9raux diront toujours que la situation s\u2019est tout de m\u00eame am\u00e9lior\u00e9e !<\/p>\n\n\n\n<h4 class=\"wp-block-heading\"><span class=\"ez-toc-section\" id=\"Proliferations_de_Anna_Tsing\"><\/span>Prolif\u00e9rations de Anna Tsing<span class=\"ez-toc-section-end\"><\/span><\/h4>\n\n\n\n<p><a rel=\"noreferrer noopener\" class=\"external-link\" href=\"https:\/\/app.thestorygraph.com\/books\/ca12d117-330e-424a-96b4-f10801d0e529\" target=\"_blank\">Prolif\u00e9rations by Anna Lowenhaupt Tsing<\/a><\/p>\n\n\n\n<p><a rel=\"noreferrer noopener\" class=\"external-link\" href=\"https:\/\/app.thestorygraph.com\/reviews\/b59040ec-2747-43eb-8fd2-3b18767ecbfd\" target=\"_blank\">Go to review page<\/a><\/p>\n\n\n\n<p>informative&nbsp;reflective&nbsp;medium-paced<\/p>\n\n\n\n<p>5.0&nbsp;<\/p>\n\n\n\n<p>This book literally changed my way of thinking. It is rich and full of informative facts about ecologies, ideas of the post colonial nature of cultivating earth, the invention of the imperial and colonial control of plants and the human beings working the earth. It is about the love of plants.<\/p>\n\n\n\n<h4 class=\"wp-block-heading\"><span class=\"ez-toc-section\" id=\"Joyce_Carol_Oates\"><\/span>Joyce Carol Oates<span class=\"ez-toc-section-end\"><\/span><\/h4>\n\n\n\n<p><a rel=\"noreferrer noopener\" class=\"external-link\" href=\"https:\/\/app.thestorygraph.com\/books\/d5c6f179-66e5-4543-b8bc-211f837f044d\" target=\"_blank\">After the Wreck, I Picked Myself Up, Spread My Wings, and Flew Away by Joyce Carol Oates<\/a><\/p>\n\n\n\n<p><a rel=\"noreferrer noopener\" class=\"external-link\" href=\"https:\/\/app.thestorygraph.com\/reviews\/2f8a3786-5f5c-4b9f-83e4-4a1b9a37d165\" target=\"_blank\">Go to review page<\/a><\/p>\n\n\n\n<p>emotional&nbsp;fast-paced<\/p>\n\n\n\n<ul class=\"wp-block-list has-list-bullet\">\n<li>Plot- or character-driven?&nbsp;Character5.0&nbsp;<\/li>\n<\/ul>\n\n\n\n<p>I\u2019ve Read this novel in French. As usual, Joyce Carol Oates makes us believe that her story was true and intense. The way the characters are depicted changes the way we see them, love them or hate them. The end is very emotional. It\u2019s a teenage story about death and grieving, but it\u2019s about family, coming of age and overcoming one\u2019s fears.<\/p>\n\n\n\n<h4 class=\"wp-block-heading\"><span class=\"ez-toc-section\" id=\"La_nature_existe_by_Renaud_Garcia_Michel_Blay\"><\/span><a rel=\"noreferrer noopener\" class=\"external-link\" href=\"https:\/\/app.thestorygraph.com\/books\/2d68c188-e4b1-4fd7-b1f3-10a02bbac9f9\" target=\"_blank\">La nature existe by Renaud Garcia, Michel Blay<\/a><span class=\"ez-toc-section-end\"><\/span><\/h4>\n\n\n\n<p><a rel=\"noreferrer noopener\" class=\"external-link\" href=\"https:\/\/app.thestorygraph.com\/reviews\/2ac57aa2-298f-427d-9a51-0dffc9ef15f3\" target=\"_blank\">Go to review page<\/a><\/p>\n\n\n\n<p>informative&nbsp;fast-paced<\/p>\n\n\n\n<p>2.5&nbsp;<\/p>\n\n\n\n<p>Ce livre est pol\u00e9mique avant tout mais il pose l\u2019hypoth\u00e8se suivante : des disciples de l\u2019\u00e9cologie de Latour ou de Descola, notamment des \u00e9cologistes queer, tentent de faire dispara\u00eetre l\u2019id\u00e9e de nature au profit d\u2019une soit disant \u00e9mancipation des \u00eatres humains. Ils remplacement le concept de nature par \u00ab non humain \u00bb ou \u00ab \u00e9cof\u00e9minisme \u00bb et certains tenants soutiennent des projets d\u2019augmentation du corps humain (transhumanisle de Musk par exemple), que les deux auteurs prolongent \u00e0 l\u2019id\u00e9e de GPA et de corps zombies (m\u00e8res porteuses en \u00e9tat de mort c\u00e9r\u00e9brale). Bien que je ne sois pas d\u2019accord avec leur mani\u00e8re d\u2019argumenter tr\u00e8s tranch\u00e9e, ils s\u2019interrogent sur les d\u00e9rives technocratiques, le solutionisme technologique, et l\u2019ordre de la Technique. Autant de questionnement important, puisqu\u2019on voit que l\u2019\u00e9cologie de Latour ou bien m\u00eame l\u2019\u00e9cologie dite \u00ab queer \u00bb (appel\u00e9e aussi d\u00e9viante) sont reprises dans des discours d\u2019extr\u00eame droite et parfois fascistes, vid\u00e9es de leur sens originel mais devenu id\u00e9ologies commodes pour tout le monde, justifiant le capitalisme \u00e9cologique, l\u2019humain machine comme mani\u00e8re de s\u2019\u00e9manciper du carcan biologique (Donna Haraway), le contr\u00f4le du corps ou la surveillance de masse. Les deux auteurs d\u00e9fendent l\u2019id\u00e9e du \u00ab naturien \u00bb, humain qui se pense lui-m\u00eame comme la nature. L\u00e0 aussi, le discours pourrait \u00eatre repris par l\u2019extr\u00eame droite. En lisant ce livre, l\u2019on s\u2019aper\u00e7oit que m\u00eame le soin \u00e0 notre plan\u00e8te ne vient de pas de soi lorsqu\u2019il est pens\u00e9 en mati\u00e8re de politique. C\u2019est ce que les deux auteurs tentent de prouver en tout cas, qu\u2019il existe une nature en dehors du politique.&nbsp; Mais leur argumentation tourne court bien des fois, comme s\u2019ils n\u2019avaient pas su comprendre les diff\u00e9rentes et riches \u00e9cologies v\u00e9cues des nouvelles g\u00e9n\u00e9rations. Malgr\u00e9 cela, la question principale du livre reste importante puisqu\u2019elle s\u2019inqui\u00e8te d\u2019une vision \u00e9cologiste capitaliste; technosolutionniste et n\u00e9olib\u00e9rale qui sous couvert d\u2019\u00e9mancipation des minorit\u00e9s autorise la marchandisation des corps dans le champ m\u00e9dical et l\u2019extraction des ressources naturelles pour le bien commun (critique du CERN)\u2026<\/p>\n\n\n\n<h4 class=\"wp-block-heading\"><span class=\"ez-toc-section\" id=\"Extinction_Une_histoire_radicale_by_Ashley_Dawson\"><\/span><a rel=\"noreferrer noopener\" class=\"external-link\" href=\"https:\/\/app.thestorygraph.com\/books\/9ed49cc6-d021-4bda-aadf-75f8872f61d5\" target=\"_blank\">Extinction: Une histoire radicale by Ashley Dawson<\/a><span class=\"ez-toc-section-end\"><\/span><\/h4>\n\n\n\n<p><a rel=\"noreferrer noopener\" class=\"external-link\" href=\"https:\/\/app.thestorygraph.com\/reviews\/d99c4e4f-1346-4a57-ace7-e3e5e0348d67\" target=\"_blank\">Go to review page<\/a><\/p>\n\n\n\n<p>reflective&nbsp;sad&nbsp;fast-paced<\/p>\n\n\n\n<p>5.0&nbsp;<\/p>\n\n\n\n<p>Ashley Dawson r\u00e9dige ici une critique des politiques de conservation et anti extinction r\u00e9v\u00e9lant le profond racisme et le capitalisme sous jacents de ces politiques d\u2019oubli et d\u2019exclusion. Dawson pr\u00f4ne une conservation radicale mais pas sans les communaut\u00e9s autochtones souvent victimes de la colonisation et touch\u00e9es par les extinctions massives li\u00e9es \u00e0 l\u2019industrie des hommes. C\u2019est donc une puissante \u00e9cologie anti raciste que propose Ashley Dawson.<\/p>\n","protected":false},"excerpt":{"rendered":"<p>J\u2019ai vu J\u2019ai regard\u00e9 la vid\u00e9o de Jc Latt\u00e8s Qui filme dans les bureaux des \u00e9crivains et des \u00e9crivaines : \u270d\ud83c\udffd&nbsp; Grande nouvelle (pro) J\u2019ai une grande nouvelle mais je n\u2019osePas encore le dire iciJ\u2019ai peur d\u2019un contre-sortOu d\u2019une mal\u00e9dictionMais disons que j\u2019ai une bonne \u00e9toile quelque part.Merci ma bonne \u00e9toile. \ud83c\udf1f&nbsp; Fatigue Donc, apr\u00e8s [&hellip;]<\/p>\n","protected":false},"author":1,"featured_media":0,"comment_status":"open","ping_status":"closed","sticky":false,"template":"","format":"standard","meta":{"footnotes":""},"categories":[11,42],"tags":[12,33,43],"class_list":["post-1186","post","type-post","status-publish","format-standard","hentry","category-daily-logs","category-livres","tag-billet-quotidien","tag-liste","tag-livre"],"_links":{"self":[{"href":"https:\/\/tassadanslesmyriades.fr\/index.php?rest_route=\/wp\/v2\/posts\/1186","targetHints":{"allow":["GET"]}}],"collection":[{"href":"https:\/\/tassadanslesmyriades.fr\/index.php?rest_route=\/wp\/v2\/posts"}],"about":[{"href":"https:\/\/tassadanslesmyriades.fr\/index.php?rest_route=\/wp\/v2\/types\/post"}],"author":[{"embeddable":true,"href":"https:\/\/tassadanslesmyriades.fr\/index.php?rest_route=\/wp\/v2\/users\/1"}],"replies":[{"embeddable":true,"href":"https:\/\/tassadanslesmyriades.fr\/index.php?rest_route=%2Fwp%2Fv2%2Fcomments&post=1186"}],"version-history":[{"count":2,"href":"https:\/\/tassadanslesmyriades.fr\/index.php?rest_route=\/wp\/v2\/posts\/1186\/revisions"}],"predecessor-version":[{"id":1189,"href":"https:\/\/tassadanslesmyriades.fr\/index.php?rest_route=\/wp\/v2\/posts\/1186\/revisions\/1189"}],"wp:attachment":[{"href":"https:\/\/tassadanslesmyriades.fr\/index.php?rest_route=%2Fwp%2Fv2%2Fmedia&parent=1186"}],"wp:term":[{"taxonomy":"category","embeddable":true,"href":"https:\/\/tassadanslesmyriades.fr\/index.php?rest_route=%2Fwp%2Fv2%2Fcategories&post=1186"},{"taxonomy":"post_tag","embeddable":true,"href":"https:\/\/tassadanslesmyriades.fr\/index.php?rest_route=%2Fwp%2Fv2%2Ftags&post=1186"}],"curies":[{"name":"wp","href":"https:\/\/api.w.org\/{rel}","templated":true}]}}