{"id":235,"date":"2024-08-07T12:24:08","date_gmt":"2024-08-07T12:24:08","guid":{"rendered":"https:\/\/tassadanslesmyriades.fr\/?p=235"},"modified":"2024-08-07T12:24:08","modified_gmt":"2024-08-07T12:24:08","slug":"documentaire-criminel-true-crime-serie","status":"publish","type":"post","link":"https:\/\/tassadanslesmyriades.fr\/?p=235","title":{"rendered":"La mode du documentaire criminel sur les tueurs en s\u00e9rie"},"content":{"rendered":"\n<p><strong>Avertissement<\/strong>&nbsp;: \u26a0\ufe0f cet article contient des propos sur les violences, les massacres et les v*ols d\u00e9crits dans les documentaires criminels.&nbsp;<\/p>\n\n\n\n<p>Je me suis pench\u00e9 sur le genre du documentaire \u00ab faits divers \u00bb ou \u00ab crime \u00bb. Je n\u2019en suis pas sorti indemne. Petite critique \u00e0 chaud :<\/p>\n\n\n\n<!--more-->\n\n\n\n<div id=\"ez-toc-container\" class=\"ez-toc-v2_0_82_2 counter-hierarchy ez-toc-counter ez-toc-grey ez-toc-container-direction\">\r\n<div class=\"ez-toc-title-container\">\r\n<p class=\"ez-toc-title\" style=\"cursor:inherit\">Table of Contents<\/p>\r\n<span class=\"ez-toc-title-toggle\"><a href=\"#\" class=\"ez-toc-pull-right ez-toc-btn ez-toc-btn-xs ez-toc-btn-default ez-toc-toggle\" aria-label=\"Toggle Table of Content\"><span class=\"ez-toc-js-icon-con\"><span class=\"\"><span class=\"eztoc-hide\" style=\"display:none;\">Toggle<\/span><span class=\"ez-toc-icon-toggle-span\"><svg style=\"fill: #999;color:#999\" xmlns=\"http:\/\/www.w3.org\/2000\/svg\" class=\"list-377408\" width=\"20px\" height=\"20px\" viewBox=\"0 0 24 24\" fill=\"none\"><path d=\"M6 6H4v2h2V6zm14 0H8v2h12V6zM4 11h2v2H4v-2zm16 0H8v2h12v-2zM4 16h2v2H4v-2zm16 0H8v2h12v-2z\" fill=\"currentColor\"><\/path><\/svg><svg style=\"fill: #999;color:#999\" class=\"arrow-unsorted-368013\" xmlns=\"http:\/\/www.w3.org\/2000\/svg\" width=\"10px\" height=\"10px\" viewBox=\"0 0 24 24\" version=\"1.2\" baseProfile=\"tiny\"><path d=\"M18.2 9.3l-6.2-6.3-6.2 6.3c-.2.2-.3.4-.3.7s.1.5.3.7c.2.2.4.3.7.3h11c.3 0 .5-.1.7-.3.2-.2.3-.5.3-.7s-.1-.5-.3-.7zM5.8 14.7l6.2 6.3 6.2-6.3c.2-.2.3-.5.3-.7s-.1-.5-.3-.7c-.2-.2-.4-.3-.7-.3h-11c-.3 0-.5.1-.7.3-.2.2-.3.5-.3.7s.1.5.3.7z\"\/><\/svg><\/span><\/span><\/span><\/a><\/span><\/div>\r\n<nav><ul class='ez-toc-list ez-toc-list-level-1 ' ><li class='ez-toc-page-1 ez-toc-heading-level-2'><a class=\"ez-toc-link ez-toc-heading-1\" href=\"https:\/\/tassadanslesmyriades.fr\/?p=235\/#Malaise_evident\" >Malaise \u00e9vident<\/a><\/li><li class='ez-toc-page-1 ez-toc-heading-level-2'><a class=\"ez-toc-link ez-toc-heading-2\" href=\"https:\/\/tassadanslesmyriades.fr\/?p=235\/#Un_attrait_qui_nest_pas_neuf\" >Un attrait qui n\u2019est pas neuf&nbsp;<\/a><\/li><li class='ez-toc-page-1 ez-toc-heading-level-2'><a class=\"ez-toc-link ez-toc-heading-3\" href=\"https:\/\/tassadanslesmyriades.fr\/?p=235\/#Une_glorification_du_male_dominant\" >Une glorification du m\u00e2le dominant ?<\/a><\/li><li class='ez-toc-page-1 ez-toc-heading-level-2'><a class=\"ez-toc-link ez-toc-heading-4\" href=\"https:\/\/tassadanslesmyriades.fr\/?p=235\/#Une_ethique_de_la_banalisation\" >Une \u00e9thique de la banalisation&nbsp;<\/a><\/li><\/ul><\/nav><\/div>\r\n<h2 class=\"wp-block-heading\"><span class=\"ez-toc-section\" id=\"Malaise_evident\"><\/span>Malaise \u00e9vident<span class=\"ez-toc-section-end\"><\/span><\/h2>\n\n\n\n<p>Il existe tout un tas de documentaires sur internet et particuli\u00e8rement en ligne sur les grandes plateformes mainstream qui pullulent sur les tueurs en s\u00e9rie. Le malaise que je ressens face \u00e0 la prolif\u00e9ration des documentaires sur les tueurs en s\u00e9rie est assez grand. Apr\u00e8s en avoir vu plusieurs, j\u2019ai trouv\u00e9 que l\u2019angle est toujours le m\u00eame, qu\u2019il t\u00e9moigne d\u2019une pr\u00e9occupation l\u00e9gitime quant \u00e0 la fascination de notre soci\u00e9t\u00e9 pour le c\u00f4t\u00e9 sombre de l\u2019humanit\u00e9. C\u2019est aussi une preuve suppl\u00e9mentaire de l\u2019h\u00e9g\u00e9monie patriarcale. Alors que ces documentaires peuvent offrir un regard approfondi sur la psych\u00e9 criminelle, ils soul\u00e8vent \u00e9galement des questions \u00e9thiques et morales. Peut-on r\u00e9ellement remplacer le d\u00e9go\u00fbt par de la fascination ?&nbsp;<\/p>\n\n\n\n<p>Et au contraire d\u2019une s\u00e9rie qui assume parfaitement son aspect fictif permettant aux spectateurs et spectatrices de se d\u00e9tacher du r\u00e9el, le documentaire emprunte une autre voie qui m\u00e8ne ceux et celles qui regardent \u00e0 penser le \u00ab mal \u00bb d\u2019une m\u00eame et unique fa\u00e7on.&nbsp;<\/p>\n\n\n\n<h2 class=\"wp-block-heading\"><span class=\"ez-toc-section\" id=\"Un_attrait_qui_nest_pas_neuf\"><\/span>Un attrait qui n\u2019est pas neuf&nbsp;<span class=\"ez-toc-section-end\"><\/span><\/h2>\n\n\n\n<p>Le documentaire criminel n\u2019est pas tout jeune. Il en existe depuis le feuilleton papier ou dans le journal au XIXe si\u00e8cle. L\u2019image et la t\u00e9l\u00e9vision ont rendu les r\u00e9cits plus palpitants encore. \u00c0 la radio d\u00e9j\u00e0 les faits divers \u00e9taient racont\u00e9s et le podcast a op\u00e9r\u00e9 \u00e9galement une renaissance du genre. Mode venue des \u00c9tats-Unis qui glorifient le processus policier et juridique au point d\u2019avoir des \u00e9missions o\u00f9 des magistrats rendent la justice en public, le documentaire carc\u00e9ral ou criminel a vu \u00e9clore des s\u00e9ries sur des crimes de \u00ab faits divers \u00bb, souvent des homicides familiaux ou des f\u00e9minicides.&nbsp;<\/p>\n\n\n\n<p>Sur l\u2019INA, on remarque quelques reportages de faits d\u2019hiver structur\u00e9s d\u2019une mani\u00e8re assez classique sans trop de sensationnel, depuis les ann\u00e9es 60 jusqu\u2019aux ann\u00e9es 80. \u00c0 c\u00f4t\u00e9 de cela, les productions am\u00e9ricains favorisent une sc\u00e9naristique particuli\u00e8re pour mettre en avant une histoire \u00e0 la mani\u00e8re d\u2019un film. Dans un reportage de 1991, sur la Cinq, le journaliste s\u2019exprime assez objectivement. En 1994, sur France 2, le journaliste parle d\u2019un des plus c\u00e9l\u00e8bres tueurs en s\u00e9rie (J. Dahmer) comme un \u00ab malade \u00bb qui a m\u00e9rit\u00e9 la fin violente qu\u2019il a connue. Aujourd\u2019hui, dans les 2 documentaires r\u00e9cents et la s\u00e9rie Netflix qui lui sont consacr\u00e9s, le discours est tout autre. Nous sommes pass\u00e9s dans l\u2019\u00e8re de la glorification du mal et du m\u00e2le.&nbsp;<\/p>\n\n\n\n<h2 class=\"wp-block-heading\"><span class=\"ez-toc-section\" id=\"Une_glorification_du_male_dominant\"><\/span>Une glorification du m\u00e2le dominant ?<span class=\"ez-toc-section-end\"><\/span><\/h2>\n\n\n\n<p>L\u2019attrait pour les histoires de tueurs en s\u00e9rie peut \u00eatre attribu\u00e9 \u00e0 une fascination morbide pour l\u2019inexpliqu\u00e9 et l\u2019effroyable. Cependant, il est crucial de se demander dans quelle mesure cette fascination peut contribuer \u00e0 la glorification de la violence et \u00e0 la n\u00e9gligence des souffrances des victimes. Les images partent souvent du \u00ab choc \u00bb de l\u2019effroyable violence qui vient perturber une situation tout \u00e0 fait banal, les tueurs \u00e9tant souvent des personnes incroyablement \u00ab normales \u00bb. L\u2019on ne sort jamais du clich\u00e9 qui parcourt \u00e9galement les s\u00e9ries tv am\u00e9ricaines les plus connues : la banalit\u00e9 d\u2019une banlieue am\u00e9ricaine, qu\u2019elle soit riche, pauvre, blanche ou noire. Car la particularit\u00e9 des documentaires criminels, c\u2019est qu\u2019ils ne soul\u00e8vent que rarement la question de race et de genre. La violence est souvent tourn\u00e9e en \u00ab puissance monstrueuse, sauvage et animale \u00bb, un vocabulaire qui tranche avec la r\u00e9alit\u00e9 psychologique des massacres d\u00e9crits ensuite ou des v*ols, d\u00e9crits comme des actes incons\u00e9quents ou bien d\u00e9crits comme le seul moyen qu\u2019avait le tueur pour passer une \u00e9motion (col\u00e8re, pulsion, insociabilit\u00e9, etc.)<\/p>\n\n\n\n<p>Ces documentaires ont souvent tendance \u00e0 mettre en lumi\u00e8re la personnalit\u00e9 complexe et troubl\u00e9e des criminels, ce qui peut susciter une empathie malvenue envers eux. Cela soul\u00e8ve la question d\u00e9licate de l\u2019\u00e9quilibre entre comprendre les motivations criminelles et donner une plateforme \u00e0 ceux qui ont commis des actes horribles. Partant du principe que chaque tueur \u00e9tait \u00e0 l\u2019origine quelqu\u2019un d\u2019extr\u00eamement \u00ab normal \u00bb ou discret voire \u00ab le voisin id\u00e9al \u00bb, les spectateur-ices sont pris en otage : la r\u00e9alisation est faite pour que vous croyiez que tout cela est un processus exceptionnel et inexplicable. Or, cela est faux bien entendu.&nbsp;<\/p>\n\n\n\n<p>Bien souvent, un journaliste, un enqu\u00eateur ou un psychologue sont charg\u00e9s de vous faire croire qu\u2019une recherche a \u00e9t\u00e9 faite sur les raisons qui ont pouss\u00e9 la personne \u00e0 commettre le crime, si le meurtre a \u00e9t\u00e9 sp\u00e9cifiquement violent et inattendu. Toutefois, \u00e0 chaque fois l\u2019enqu\u00eate pi\u00e9tine sur ce point. Les documentaires finissent incessamment par conclure que le meurtrier avait ses raisons ou bien qu\u2019il n\u2019en avait pas ou bien qu\u2019il est mort avec son secret. Le myst\u00e8re reste entier, surtout lorsque le meurtre est m\u00eal\u00e9 d\u2019\u00e9l\u00e9ments \u00e0 caract\u00e8re sexuel. Et cela pose un probl\u00e8me d\u2019\u00e9thique, de ne pas avertir qu\u2019il n\u2019est pas exceptionnel de tomber sur des personnes comme cela dans notre monde aujourd\u2019hui.&nbsp;<\/p>\n\n\n\n<p>Les documentaires sur les tueurs en s\u00e9rie g\u00e9n\u00e8rent une ambivalence intrins\u00e8que en suscitant une fascination pour le mal. D\u2019un c\u00f4t\u00e9, ces r\u00e9cits offrent un aper\u00e7u profond des m\u00e9canismes psychologiques et des motifs criminels, \u00e9veillant une curiosit\u00e9 naturelle pour la compr\u00e9hension humaine. N\u00e9anmoins, cette qu\u00eate de connaissance peut glisser insidieusement vers une admiration f\u00e9tichiste morbide, o\u00f9 l\u2019obsession pour les d\u00e9tails sordides des crimes devient un terrain propice \u00e0 une fascination d\u00e9rangeante pour le mal lui-m\u00eame. L\u2019ambivalence r\u00e9side dans la fronti\u00e8re fine entre l\u2019int\u00e9r\u00eat acad\u00e9mique et une attraction malsaine, soulevant des questions sur la responsabilit\u00e9 \u00e9thique des producteurs de ces documentaires et sur la mani\u00e8re dont ils \u00e9quilibrent l\u2019exploration psychologique avec le risque de glorification du mal. Ainsi, cette dualit\u00e9 complexe souligne le besoin d\u2019une approche r\u00e9fl\u00e9chie dans la cr\u00e9ation de contenus qui traitent de sujets aussi d\u00e9licats, afin d\u2019\u00e9viter de nourrir une fascination indue pour les aspects sombres de l\u2019existence humaine.<\/p>\n\n\n\n<p>Le malaise peut \u00e9galement d\u00e9couler du risque de normaliser ou de banaliser la violence. En se concentrant excessivement sur les d\u00e9tails sensationnels des crimes, ces documentaires risquent de perdre de vue l\u2019importance de traiter les sujets d\u00e9licats de mani\u00e8re responsable et respectueuse. Certains documentaires n\u2019h\u00e9sitent pas \u00e0 montrer les images choquantes des sc\u00e8nes de crime ou les photos des archives polici\u00e8res.&nbsp;<\/p>\n\n\n\n<h2 class=\"wp-block-heading\"><span class=\"ez-toc-section\" id=\"Une_ethique_de_la_banalisation\"><\/span>Une \u00e9thique de la banalisation&nbsp;<span class=\"ez-toc-section-end\"><\/span><\/h2>\n\n\n\n<p>La morale de chaque documentaire est d\u00e9cevante. On pourrait \u00e9mettre cette hypoth\u00e8se : cela pourrait arriver \u00e0 n\u2019importe qui d\u2019entre nous, votre voisin, votre ami, votre p\u00e8re, votre mari. Et c\u2019est bien l\u00e0 le souci majeur de cette \u00e9thique documentaire \u00e0 deux balles. Si cela pouvait vous arriver, vous vous sentiriez sans cesse en ins\u00e9curit\u00e9. Cette position sensationnaliste est celle emprunt\u00e9e par les cha\u00eenes ou productions conservatrices. Dans le cas de certains tueurs en s\u00e9rie, je n\u2019en citerai pas ici, les victimes \u00e9taient des femmes, des prostitu\u00e9es, des hommes homosexuels noirs ou asiatiques, des jeunes enfants. Croyez-vous que cela soit donc une situation qui n\u2019oppose pas un m\u00e2le en situation de domination patriarcale versus des victimes qui sont syst\u00e9matiquement des minorit\u00e9s ou bien des femmes et des enfants qui subissent cette violence quotidienne ? Or, aucun documentaire n\u2019en fait mention ou ne le souligne.&nbsp;<\/p>\n\n\n\n<p>La question soulev\u00e9e met en lumi\u00e8re une lacune notable dans les documentaires sur les tueurs en s\u00e9rie, en n\u00e9gligeant souvent de contextualiser ces actes de violence dans le cadre plus large de la domination patriarcale ou de la violence domestique. Il semble y avoir une r\u00e9ticence \u00e0 explorer la dynamique de pouvoir sous-jacente qui favorise ces comportements criminels, souvent perp\u00e9tr\u00e9s par des hommes, envers des victimes qui sont fr\u00e9quemment des femmes, des enfants, ou des membres de minorit\u00e9s. L\u2019omission de cette perspective critique dans les documentaires contribue \u00e0 maintenir un certain aveuglement sur les causes structurelles de cette violence, perp\u00e9tuant ainsi les sch\u00e9mas d\u2019oppression. Il est essentiel que les cr\u00e9ateurs de contenus reconnaissent cette dimension sociale et patriarcale pour offrir une repr\u00e9sentation plus compl\u00e8te et \u00e9clairante des tueurs en s\u00e9rie, contribuant ainsi \u00e0 une prise de conscience plus profonde de la n\u00e9cessit\u00e9 de s\u2019attaquer aux racines du probl\u00e8me. Lorsqu\u2019il y a des femmes impliqu\u00e9es dans les crimes, il s\u2019agit bien souvent de documentaires sur un couple homme\/femme ayant perp\u00e9tr\u00e9 l\u2019acte meurtrier ou bien des documentaires sur des femmes qui ont commis un infanticide, caract\u00e9ris\u00e9 aujourd\u2019hui dans nos soci\u00e9t\u00e9s comme l\u2019un des pires crimes de l\u2019humanit\u00e9 (\u00e0 savoir que ces documentaires ne donnent jamais la parole \u00e0 la probl\u00e9matique f\u00e9ministe).&nbsp;<\/p>\n\n\n\n<p>Et pour conclure, le malaise face \u00e0 la prolif\u00e9ration des documentaires sur les tueurs en s\u00e9rie souligne la n\u00e9cessit\u00e9 d\u2019une r\u00e9flexion critique sur la mani\u00e8re dont nous consommons ces r\u00e9cits. Il est imp\u00e9ratif de maintenir un \u00e9quilibre entre la compr\u00e9hension des aspects criminels de l\u2019humanit\u00e9 et le respect d\u00fb aux victimes, \u00e9vitant ainsi de glorifier l\u2019horreur au d\u00e9triment de l\u2019\u00e9thique et de la responsabilit\u00e9 sociale.<\/p>\n","protected":false},"excerpt":{"rendered":"<p>Il y a un malaise dans l\u2019industrie du documentaire true crime<\/p>\n","protected":false},"author":1,"featured_media":0,"comment_status":"open","ping_status":"closed","sticky":false,"template":"","format":"standard","meta":{"footnotes":""},"categories":[1,4],"tags":[8,37,5],"class_list":["post-235","post","type-post","status-publish","format-standard","hentry","category-cinema","category-edito","tag-cinema","tag-divertissement","tag-edito"],"_links":{"self":[{"href":"https:\/\/tassadanslesmyriades.fr\/index.php?rest_route=\/wp\/v2\/posts\/235","targetHints":{"allow":["GET"]}}],"collection":[{"href":"https:\/\/tassadanslesmyriades.fr\/index.php?rest_route=\/wp\/v2\/posts"}],"about":[{"href":"https:\/\/tassadanslesmyriades.fr\/index.php?rest_route=\/wp\/v2\/types\/post"}],"author":[{"embeddable":true,"href":"https:\/\/tassadanslesmyriades.fr\/index.php?rest_route=\/wp\/v2\/users\/1"}],"replies":[{"embeddable":true,"href":"https:\/\/tassadanslesmyriades.fr\/index.php?rest_route=%2Fwp%2Fv2%2Fcomments&post=235"}],"version-history":[{"count":0,"href":"https:\/\/tassadanslesmyriades.fr\/index.php?rest_route=\/wp\/v2\/posts\/235\/revisions"}],"wp:attachment":[{"href":"https:\/\/tassadanslesmyriades.fr\/index.php?rest_route=%2Fwp%2Fv2%2Fmedia&parent=235"}],"wp:term":[{"taxonomy":"category","embeddable":true,"href":"https:\/\/tassadanslesmyriades.fr\/index.php?rest_route=%2Fwp%2Fv2%2Fcategories&post=235"},{"taxonomy":"post_tag","embeddable":true,"href":"https:\/\/tassadanslesmyriades.fr\/index.php?rest_route=%2Fwp%2Fv2%2Ftags&post=235"}],"curies":[{"name":"wp","href":"https:\/\/api.w.org\/{rel}","templated":true}]}}