{"id":2505,"date":"2026-09-01T20:12:26","date_gmt":"2026-09-01T20:12:26","guid":{"rendered":"https:\/\/tassadanslesmyriades.fr\/?p=2505"},"modified":"2026-09-01T20:12:28","modified_gmt":"2026-09-01T20:12:28","slug":"20260901_atelier-et-agenda","status":"publish","type":"post","link":"https:\/\/tassadanslesmyriades.fr\/?p=2505","title":{"rendered":"20260901_Atelier et agenda"},"content":{"rendered":"\n<div id=\"ez-toc-container\" class=\"ez-toc-v2_0_87 counter-hierarchy ez-toc-counter ez-toc-grey ez-toc-container-direction\">\r\n<div class=\"ez-toc-title-container\">\r\n<p class=\"ez-toc-title\" style=\"cursor:inherit\">Table of Contents<\/p>\r\n<span class=\"ez-toc-title-toggle\"><a href=\"#\" class=\"ez-toc-pull-right ez-toc-btn ez-toc-btn-xs ez-toc-btn-default ez-toc-toggle\" aria-label=\"Toggle Table of Content\"><span class=\"ez-toc-js-icon-con\"><span class=\"\"><span class=\"eztoc-hide\" style=\"display:none;\">Toggle<\/span><span class=\"ez-toc-icon-toggle-span\"><svg style=\"fill: #999;color:#999\" xmlns=\"http:\/\/www.w3.org\/2000\/svg\" class=\"list-377408\" width=\"20px\" height=\"20px\" viewBox=\"0 0 24 24\" fill=\"none\"><path d=\"M6 6H4v2h2V6zm14 0H8v2h12V6zM4 11h2v2H4v-2zm16 0H8v2h12v-2zM4 16h2v2H4v-2zm16 0H8v2h12v-2z\" fill=\"currentColor\"><\/path><\/svg><svg style=\"fill: #999;color:#999\" class=\"arrow-unsorted-368013\" xmlns=\"http:\/\/www.w3.org\/2000\/svg\" width=\"10px\" height=\"10px\" viewBox=\"0 0 24 24\" version=\"1.2\" baseProfile=\"tiny\"><path d=\"M18.2 9.3l-6.2-6.3-6.2 6.3c-.2.2-.3.4-.3.7s.1.5.3.7c.2.2.4.3.7.3h11c.3 0 .5-.1.7-.3.2-.2.3-.5.3-.7s-.1-.5-.3-.7zM5.8 14.7l6.2 6.3 6.2-6.3c.2-.2.3-.5.3-.7s-.1-.5-.3-.7c-.2-.2-.4-.3-.7-.3h-11c-.3 0-.5.1-.7.3-.2.2-.3.5-.3.7s.1.5.3.7z\"\/><\/svg><\/span><\/span><\/span><\/a><\/span><\/div>\r\n<nav><ul class='ez-toc-list ez-toc-list-level-1 ' ><li class='ez-toc-page-1 ez-toc-heading-level-2'><a class=\"ez-toc-link ez-toc-heading-1\" href=\"https:\/\/tassadanslesmyriades.fr\/?p=2505\/#Jai_lu_et_organise_ma_vie\" >J\u2019ai lu et organis\u00e9 ma vie<\/a><\/li><li class='ez-toc-page-1 ez-toc-heading-level-2'><a class=\"ez-toc-link ez-toc-heading-2\" href=\"https:\/\/tassadanslesmyriades.fr\/?p=2505\/#Peindre_sa_colere\" >Peindre sa col\u00e8re<\/a><\/li><\/ul><\/nav><\/div>\r\n<h2 class=\"wp-block-heading\"><span class=\"ez-toc-section\" id=\"Jai_lu_et_organise_ma_vie\"><\/span>J\u2019ai lu et organis\u00e9 ma vie<span class=\"ez-toc-section-end\"><\/span><\/h2>\n\n\n\n<p class=\"wp-block-paragraph\">Cet apr\u00e8s-midi j\u2019ai rempli un agenda \u00e0 la main. J\u2019aurais pu acheter un truc tout fait, mais cela a \u00e9t\u00e9 salvateur de le faire \u00e0 la main. Je me suis sentie de suite plus d\u00e9tendue en r\u00e9fl\u00e9chissant \u00e0 l\u2019ann\u00e9e \u00e0 venir. <\/p>\n\n\n\n<p class=\"wp-block-paragraph\">Ensuite, j\u2019ai fini la bande-dessin\u00e9e <strong><em>L\u2019Oasis<\/em><\/strong> de Simon Hureau chez Dargaud qui parle de cr\u00e9er en son jardin un lieu refuge pour abriter la faune et la flore. J\u2019ai ador\u00e9 bien entendu. D\u2019autant plus qu\u2019on y voit de belles planches naturalistes et que tout ce que Simon a fait, nous essayons aussi \u00e0 notre \u00e9chelle, sur notre petite parcelle de cro\u00fbte terrestre comme il dit. J\u2019ai tout de m\u00eame appris des trucs. Surtout sur les insectes. <\/p>\n\n\n\n<p class=\"wp-block-paragraph\">Ci-dessous : vid\u00e9o de la pr\u00e9paration de mon agenda et de la bande dessin\u00e9e L\u2019Oasis <\/p>\n\n\n\n<figure class=\"wp-block-video\"><video height=\"1280\" style=\"aspect-ratio: 720 \/ 1280;\" width=\"720\" controls src=\"https:\/\/tassadanslesmyriades.fr\/wp-content\/uploads\/2026\/09\/476af0a1714f4cad8c4ed5b8c6cb1f52.mov\"><\/video><\/figure>\n\n\n\n<figure class=\"wp-block-image size-large\"><img loading=\"lazy\" decoding=\"async\" width=\"768\" height=\"1024\" src=\"https:\/\/tassadanslesmyriades.fr\/wp-content\/uploads\/2026\/09\/5E1B4FFE-4DA2-49B9-8673-531376B17AAC-768x1024.jpeg\" alt=\"\" class=\"wp-image-2506\" srcset=\"https:\/\/tassadanslesmyriades.fr\/wp-content\/uploads\/2026\/09\/5E1B4FFE-4DA2-49B9-8673-531376B17AAC-768x1024.jpeg 768w, https:\/\/tassadanslesmyriades.fr\/wp-content\/uploads\/2026\/09\/5E1B4FFE-4DA2-49B9-8673-531376B17AAC-225x300.jpeg 225w, https:\/\/tassadanslesmyriades.fr\/wp-content\/uploads\/2026\/09\/5E1B4FFE-4DA2-49B9-8673-531376B17AAC-1152x1536.jpeg 1152w, https:\/\/tassadanslesmyriades.fr\/wp-content\/uploads\/2026\/09\/5E1B4FFE-4DA2-49B9-8673-531376B17AAC-1536x2048.jpeg 1536w, https:\/\/tassadanslesmyriades.fr\/wp-content\/uploads\/2026\/09\/5E1B4FFE-4DA2-49B9-8673-531376B17AAC-scaled.jpeg 1920w\" sizes=\"auto, (max-width: 768px) 100vw, 768px\" \/><\/figure>\n\n\n\n<p class=\"wp-block-paragraph\">Puis, j\u2019ai aussi peint la nuit derni\u00e8re avant de voir le film <em><strong>World War Z<\/strong><\/em> \u00e0 la t\u00e9l\u00e9vision. Quand je dis \u00e7a j\u2019ai l\u2019impression d\u2019avoir une vie des ann\u00e9es 90. Le film est rondement men\u00e9 par Brad Pig (Pitt pardon). Il s\u2019agit d\u2019un film horrifique de zombie et non d\u2019un film d\u2019horreur. Les <em>jump scares<\/em> (bonds) sont surtout li\u00e9s aux zombies qui jaillissent du silence. <strong><em>World War Z<\/em><\/strong> est sorti aux US en 2013 et Brad Pitt incarne Gerry Lane, un ancien enqu\u00eateur de terrain de l\u2019ONU qui voyage \u00e0 travers le Monde. Cette fois il est mandat\u00e9 pour trouver un rem\u00e8de contre le virus zombie. \u00c0 la fois film catastrophe et d\u2019apocalypse mais aussi film de science-fiction ancr\u00e9 dans un r\u00e9alisme scientifique, le film est n\u00e9 du roman adapt\u00e9 de 2006 \u00e9crit par Max Brooks, dans la m\u00eame veine que les Michael Crichton (suspense et science). Le film est r\u00e9alis\u00e9 par Marc Forster, et au sc\u00e9nario Matthew Michael Carnahan, Drew Goddard, et Damon Lindelof. On retrouve une actrice que j\u2019adore, Mireille Enos, mais qui n\u2019appara\u00eet l\u00e0 que comme faire valoir (femme qui attend son mari qui sauve le monde), James Badge Dale, Peter Capaldi, Ruth Negga, et Matthew Fox. Si le long m\u00e9trage est passionnant, il est aussi largement caricatural. <\/p>\n\n\n\n<h2 class=\"wp-block-heading\"><span class=\"ez-toc-section\" id=\"Peindre_sa_colere\"><\/span>Peindre sa col\u00e8re <span class=\"ez-toc-section-end\"><\/span><\/h2>\n\n\n\n<p class=\"wp-block-paragraph\">j\u2019ai peint le jardin refuge en pensant \u00e0 la Palestine et \u00e0 Gaza. J\u2019ai pens\u00e9 : le silence tue. Qui gu\u00e9rit-on \u00e0 peindre \u00e0 part soi-m\u00eame ? J\u2019ai fini de lire <strong><em>Doit-on s\u2019excuser de la colonisation <\/em><\/strong>de Pascal Blanchard et de Benjamin Stora (deux chercheurs souvent commandit\u00e9s par l\u2019Etat pour enqu\u00eater sur le fait colonial de Francois Hollande \u00e0 Emmanuel Macron, plus de douze ans d\u2019enqu\u00eates). Publi\u00e9 en 2025, il n\u2019y a pas encore un mot de la Palestine. Pour le reste quelques bribes sur l\u2019Indochine, beaucoup sur l\u2019Alg\u00e9rie. L\u2019essai sous forme d\u2019interview ne va pas assez loin. Ils proposent un mus\u00e9e \u00e0 la m\u00e9moire de la colonisation pour croiser les regards. Croiser les situations. Or, tous croisements sont bons \u00e0 prendre mais des d\u00e9tours sont b\u00e9n\u00e9fiques aussi. Rendre universel un fait de m\u00e9moire coloniale, et par l\u00e0, universaliser le fait colonial pourrait rendre flou le message qui va avec. Le public doit savoir \u00e0 quel point toutes les colonisations se valent et m\u00e9ritent un mesure chacune. Les descendant\u2022es des migrants et des exil\u00e9\u2022es suite aux empires et aux d\u00e9colonisations ont besoin de lieu de militance et de revendication et pas seulement des mausol\u00e9es critiques du pass\u00e9. Comme ils le rappellent : rien nest dit dans les manuels scolaires. Le tabou est encore l\u00e0. Il est cultive par une extr\u00eame droite nostalgique (aujourd\u2019hui port\u00e9e par la droite de Sarkozy \u00e0 Retailleau, rappellent-ils, mais l\u2019imaginaire colonial a aussi souffert \u00e0 gauche avec Mitterrand). <\/p>\n\n\n\n<p class=\"wp-block-paragraph\">Ci-dessous : vue de mon atelier dans la v\u00e9randa avec deux nouvelles peintures \u00e0 l\u2019aquarelle <\/p>\n\n\n\n<figure class=\"wp-block-image size-large\"><img loading=\"lazy\" decoding=\"async\" width=\"768\" height=\"1024\" src=\"https:\/\/tassadanslesmyriades.fr\/wp-content\/uploads\/2026\/09\/A150EC03-7195-4F82-BD98-B7D29E09EAE9-768x1024.jpeg\" alt=\"\" class=\"wp-image-2508\" srcset=\"https:\/\/tassadanslesmyriades.fr\/wp-content\/uploads\/2026\/09\/A150EC03-7195-4F82-BD98-B7D29E09EAE9-768x1024.jpeg 768w, https:\/\/tassadanslesmyriades.fr\/wp-content\/uploads\/2026\/09\/A150EC03-7195-4F82-BD98-B7D29E09EAE9-225x300.jpeg 225w, https:\/\/tassadanslesmyriades.fr\/wp-content\/uploads\/2026\/09\/A150EC03-7195-4F82-BD98-B7D29E09EAE9-1152x1536.jpeg 1152w, https:\/\/tassadanslesmyriades.fr\/wp-content\/uploads\/2026\/09\/A150EC03-7195-4F82-BD98-B7D29E09EAE9-1536x2048.jpeg 1536w, https:\/\/tassadanslesmyriades.fr\/wp-content\/uploads\/2026\/09\/A150EC03-7195-4F82-BD98-B7D29E09EAE9-scaled.jpeg 1920w\" sizes=\"auto, (max-width: 768px) 100vw, 768px\" \/><\/figure>\n\n\n\n<figure class=\"wp-block-image size-large\"><img loading=\"lazy\" decoding=\"async\" width=\"768\" height=\"1024\" src=\"https:\/\/tassadanslesmyriades.fr\/wp-content\/uploads\/2026\/09\/DCF4F7D0-CF9C-48FF-A763-D0B6B8FF68CE-768x1024.jpeg\" alt=\"\" class=\"wp-image-2509\" srcset=\"https:\/\/tassadanslesmyriades.fr\/wp-content\/uploads\/2026\/09\/DCF4F7D0-CF9C-48FF-A763-D0B6B8FF68CE-768x1024.jpeg 768w, https:\/\/tassadanslesmyriades.fr\/wp-content\/uploads\/2026\/09\/DCF4F7D0-CF9C-48FF-A763-D0B6B8FF68CE-225x300.jpeg 225w, https:\/\/tassadanslesmyriades.fr\/wp-content\/uploads\/2026\/09\/DCF4F7D0-CF9C-48FF-A763-D0B6B8FF68CE-1152x1536.jpeg 1152w, https:\/\/tassadanslesmyriades.fr\/wp-content\/uploads\/2026\/09\/DCF4F7D0-CF9C-48FF-A763-D0B6B8FF68CE-1536x2048.jpeg 1536w, https:\/\/tassadanslesmyriades.fr\/wp-content\/uploads\/2026\/09\/DCF4F7D0-CF9C-48FF-A763-D0B6B8FF68CE-scaled.jpeg 1920w\" sizes=\"auto, (max-width: 768px) 100vw, 768px\" \/><\/figure>\n\n\n\n<figure class=\"wp-block-image size-large\"><img loading=\"lazy\" decoding=\"async\" width=\"768\" height=\"1024\" src=\"https:\/\/tassadanslesmyriades.fr\/wp-content\/uploads\/2026\/09\/59E5EBC6-559F-4DD6-9F6B-C2BBE51461EA-768x1024.jpeg\" alt=\"\" class=\"wp-image-2511\" srcset=\"https:\/\/tassadanslesmyriades.fr\/wp-content\/uploads\/2026\/09\/59E5EBC6-559F-4DD6-9F6B-C2BBE51461EA-768x1024.jpeg 768w, https:\/\/tassadanslesmyriades.fr\/wp-content\/uploads\/2026\/09\/59E5EBC6-559F-4DD6-9F6B-C2BBE51461EA-225x300.jpeg 225w, https:\/\/tassadanslesmyriades.fr\/wp-content\/uploads\/2026\/09\/59E5EBC6-559F-4DD6-9F6B-C2BBE51461EA-1152x1536.jpeg 1152w, https:\/\/tassadanslesmyriades.fr\/wp-content\/uploads\/2026\/09\/59E5EBC6-559F-4DD6-9F6B-C2BBE51461EA-1536x2048.jpeg 1536w, https:\/\/tassadanslesmyriades.fr\/wp-content\/uploads\/2026\/09\/59E5EBC6-559F-4DD6-9F6B-C2BBE51461EA-scaled.jpeg 1920w\" sizes=\"auto, (max-width: 768px) 100vw, 768px\" \/><\/figure>\n\n\n\n<p class=\"wp-block-paragraph\">Bonne semaine. <\/p>\n","protected":false},"excerpt":{"rendered":"<p>J\u2019ai lu et organis\u00e9 ma vie Cet apr\u00e8s-midi j\u2019ai rempli un agenda \u00e0 la main. J\u2019aurais pu acheter un truc tout fait, mais cela a \u00e9t\u00e9 salvateur de le faire \u00e0 la main. Je me suis sentie de suite plus d\u00e9tendue en r\u00e9fl\u00e9chissant \u00e0 l\u2019ann\u00e9e \u00e0 venir. Ensuite, j\u2019ai fini la bande-dessin\u00e9e L\u2019Oasis de Simon [&hellip;]<\/p>\n","protected":false},"author":1,"featured_media":0,"comment_status":"open","ping_status":"closed","sticky":false,"template":"","format":"standard","meta":{"footnotes":""},"categories":[1,11,13,65,61,42],"tags":[94,12,97,8,56,55,43,62],"class_list":["post-2505","post","type-post","status-publish","format-standard","hentry","category-cinema","category-daily-logs","category-highlights","category-histoire","category-lifestyle","category-livres","tag-art","tag-billet-quotidien","tag-cine-w","tag-cinema","tag-litte-d","tag-litte-l","tag-livre","tag-slow-life"],"_links":{"self":[{"href":"https:\/\/tassadanslesmyriades.fr\/index.php?rest_route=\/wp\/v2\/posts\/2505","targetHints":{"allow":["GET"]}}],"collection":[{"href":"https:\/\/tassadanslesmyriades.fr\/index.php?rest_route=\/wp\/v2\/posts"}],"about":[{"href":"https:\/\/tassadanslesmyriades.fr\/index.php?rest_route=\/wp\/v2\/types\/post"}],"author":[{"embeddable":true,"href":"https:\/\/tassadanslesmyriades.fr\/index.php?rest_route=\/wp\/v2\/users\/1"}],"replies":[{"embeddable":true,"href":"https:\/\/tassadanslesmyriades.fr\/index.php?rest_route=%2Fwp%2Fv2%2Fcomments&post=2505"}],"version-history":[{"count":4,"href":"https:\/\/tassadanslesmyriades.fr\/index.php?rest_route=\/wp\/v2\/posts\/2505\/revisions"}],"predecessor-version":[{"id":2515,"href":"https:\/\/tassadanslesmyriades.fr\/index.php?rest_route=\/wp\/v2\/posts\/2505\/revisions\/2515"}],"wp:attachment":[{"href":"https:\/\/tassadanslesmyriades.fr\/index.php?rest_route=%2Fwp%2Fv2%2Fmedia&parent=2505"}],"wp:term":[{"taxonomy":"category","embeddable":true,"href":"https:\/\/tassadanslesmyriades.fr\/index.php?rest_route=%2Fwp%2Fv2%2Fcategories&post=2505"},{"taxonomy":"post_tag","embeddable":true,"href":"https:\/\/tassadanslesmyriades.fr\/index.php?rest_route=%2Fwp%2Fv2%2Ftags&post=2505"}],"curies":[{"name":"wp","href":"https:\/\/api.w.org\/{rel}","templated":true}]}}