{"id":338,"date":"2024-08-07T22:41:46","date_gmt":"2024-08-07T22:41:46","guid":{"rendered":"https:\/\/tassadanslesmyriades.fr\/?p=338"},"modified":"2024-08-08T10:04:39","modified_gmt":"2024-08-08T10:04:39","slug":"le-voleur-de-bicyclette","status":"publish","type":"post","link":"https:\/\/tassadanslesmyriades.fr\/?p=338","title":{"rendered":"Le Voleur de Bicyclette (Ladri di biciclette) 1948&nbsp;"},"content":{"rendered":"\n<p><strong><em>Le Voleur de Bicyclette (Ladri di biciclette<\/em><\/strong>) 1948 de Vittorio de Sica.<br>Cet article a \u00e9t\u00e9 \u00e9crit en 2019. Il s\u2019agit d\u2019une republication. Bonne lecture !<\/p>\n\n\n\n<figure class=\"wp-block-image aligncenter size-large\"><img loading=\"lazy\" decoding=\"async\" width=\"498\" height=\"344\" src=\"https:\/\/tassadanslesmyriades.fr\/wp-content\/uploads\/2024\/08\/bike.gif\" alt=\"\" class=\"wp-image-337\"\/><figcaption class=\"wp-element-caption\"><em>Old bicycle<\/em><\/figcaption><\/figure>\n\n\n\n<p>J\u2019ai vu en italien, version originale,&nbsp;<strong><em>Le Voleur de Bicyclette<\/em><\/strong>, et peut-\u00eatre que je suis pass\u00e9e \u00e0 c\u00f4t\u00e9 de quelques nuances dans cette magnifique langue, cependant j\u2019ai ador\u00e9 ce film. Quand je dis \u00ab&nbsp;ador\u00e9&nbsp;\u00bb c\u2019est que je l\u2019ai trouv\u00e9 fort esth\u00e9tiquement, moralement et artistiquement parlant.<\/p>\n\n\n\n<p>Commen\u00e7ons par le d\u00e9but. J\u2019ai regard\u00e9 ce film parce que j\u2019ai enfin repris le temps d\u2019assumer ma part cin\u00e9phile et que l\u2019agr\u00e9gation d\u2019histoire, cette ann\u00e9e, demande un travail sur la culture et les m\u00e9dias (cin\u00e9ma, donc) \u00e0 travers le prisme de l\u2019Am\u00e9rique et de l\u2019Europe post-1945.<\/p>\n\n\n\n<p><strong>1948<\/strong>. A la sortie de la guerre, les choses bougent rapidement. Pass\u00e9s&nbsp;l\u2019euphorie de la victoire et les chants de joie et les hymnes \u00e0 la paix, l\u2019on se rend compte en silence, du mal qu\u2019ont fait les repr\u00e9sailles contre les ennemis, les tra\u00eetres, et l\u2019on se rend compte des nouvelles d\u00e9rives soci\u00e9tales possibles.<\/p>\n\n\n\n<p>Le cin\u00e9ma se veut une sorte d\u2019alerte, de constante analyse de la soci\u00e9t\u00e9. Vittorio de Sica n\u00e9 en Italie en 1901 est un artiste qui \u00e9volue au fil des ann\u00e9es, pendant la guerre et apr\u00e8s guerre, laissant une trace ind\u00e9l\u00e9bile dans le cin\u00e9ma italien. Dans&nbsp;&nbsp;<strong><em>Sciusci\u00e0,&nbsp;<\/em><\/strong>en 1945 il \u00e9voque d\u00e9j\u00e0 la fin de la guerre et d\u00e9nonce la pauvret\u00e9, filmant les rues et les enfants pauvres de Rome.<\/p>\n\n\n\n<p>Dans&nbsp;<strong><em>Le Voleur de Bicyclette<\/em><\/strong>, il s\u2019attaque encore \u00e0 l\u2019enfance et \u00e0 la pauvret\u00e9 mais le sujet, c\u2019est la bicyclette. &nbsp;Le film est \u00ab&nbsp;n\u00e9or\u00e9aliste&nbsp;\u00bb jusqu\u2019au bout des doigts.&nbsp;<strong>La cam\u00e9ra fait des plans sur les visages, inquiets, en col\u00e8re, la cam\u00e9ra court apr\u00e8s les personnages, apr\u00e8s la bicyclette, fait de longs travellings et des plans d\u2019ensemble magnifiques, mais toujours dans la rue, longeant les trottoirs, ou avec les familles dans leur logis. Le d\u00e9cor&nbsp;n\u2019est jamais grandiloquent, jamais th\u00e9\u00e2tral, ou&nbsp;esth\u00e9tique<\/strong>.<\/p>\n\n\n\n<div id=\"ez-toc-container\" class=\"ez-toc-v2_0_82_2 counter-hierarchy ez-toc-counter ez-toc-grey ez-toc-container-direction\">\r\n<div class=\"ez-toc-title-container\">\r\n<p class=\"ez-toc-title\" style=\"cursor:inherit\">Table of Contents<\/p>\r\n<span class=\"ez-toc-title-toggle\"><a href=\"#\" class=\"ez-toc-pull-right ez-toc-btn ez-toc-btn-xs ez-toc-btn-default ez-toc-toggle\" aria-label=\"Toggle Table of Content\"><span class=\"ez-toc-js-icon-con\"><span class=\"\"><span class=\"eztoc-hide\" style=\"display:none;\">Toggle<\/span><span class=\"ez-toc-icon-toggle-span\"><svg style=\"fill: #999;color:#999\" xmlns=\"http:\/\/www.w3.org\/2000\/svg\" class=\"list-377408\" width=\"20px\" height=\"20px\" viewBox=\"0 0 24 24\" fill=\"none\"><path d=\"M6 6H4v2h2V6zm14 0H8v2h12V6zM4 11h2v2H4v-2zm16 0H8v2h12v-2zM4 16h2v2H4v-2zm16 0H8v2h12v-2z\" fill=\"currentColor\"><\/path><\/svg><svg style=\"fill: #999;color:#999\" class=\"arrow-unsorted-368013\" xmlns=\"http:\/\/www.w3.org\/2000\/svg\" width=\"10px\" height=\"10px\" viewBox=\"0 0 24 24\" version=\"1.2\" baseProfile=\"tiny\"><path d=\"M18.2 9.3l-6.2-6.3-6.2 6.3c-.2.2-.3.4-.3.7s.1.5.3.7c.2.2.4.3.7.3h11c.3 0 .5-.1.7-.3.2-.2.3-.5.3-.7s-.1-.5-.3-.7zM5.8 14.7l6.2 6.3 6.2-6.3c.2-.2.3-.5.3-.7s-.1-.5-.3-.7c-.2-.2-.4-.3-.7-.3h-11c-.3 0-.5.1-.7.3-.2.2-.3.5-.3.7s.1.5.3.7z\"\/><\/svg><\/span><\/span><\/span><\/a><\/span><\/div>\r\n<nav><ul class='ez-toc-list ez-toc-list-level-1 ' ><li class='ez-toc-page-1 ez-toc-heading-level-2'><a class=\"ez-toc-link ez-toc-heading-1\" href=\"https:\/\/tassadanslesmyriades.fr\/?p=338\/#1_Denoncer_la_pauvrete_en_Italie\" >1. D\u00e9noncer la&nbsp;pauvret\u00e9 en Italie<\/a><\/li><li class='ez-toc-page-1 ez-toc-heading-level-2'><a class=\"ez-toc-link ez-toc-heading-2\" href=\"https:\/\/tassadanslesmyriades.fr\/?p=338\/#2_Montrer_les_rues_la_vie_du_%C2%AB_petit_%C2%BB_peuple\" >2. Montrer les rues, la vie du \u00ab&nbsp;petit&nbsp;\u00bb peuple<\/a><\/li><li class='ez-toc-page-1 ez-toc-heading-level-2'><a class=\"ez-toc-link ez-toc-heading-3\" href=\"https:\/\/tassadanslesmyriades.fr\/?p=338\/#3_La_culture_de_masse_et_lindustrialisation\" >3. La culture de masse et l\u2019industrialisation<\/a><\/li><li class='ez-toc-page-1 ez-toc-heading-level-2'><a class=\"ez-toc-link ez-toc-heading-4\" href=\"https:\/\/tassadanslesmyriades.fr\/?p=338\/#4_La_societe_devenue_trop_serieuse_a_quitte_lenfance\" >4. La soci\u00e9t\u00e9 devenue trop s\u00e9rieuse, a quitt\u00e9 l\u2019enfance<\/a><\/li><li class='ez-toc-page-1 ez-toc-heading-level-2'><a class=\"ez-toc-link ez-toc-heading-5\" href=\"https:\/\/tassadanslesmyriades.fr\/?p=338\/#5_Une_societe_qui_pardonne_et_ferme_les_yeux\" >5. Une soci\u00e9t\u00e9 qui pardonne et ferme les yeux<\/a><\/li><\/ul><\/nav><\/div>\r\n<h2 class=\"wp-block-heading\" id=\"1-denoncer-la-pauvrete-en-italie\"><span class=\"ez-toc-section\" id=\"1_Denoncer_la_pauvrete_en_Italie\"><\/span>1. D\u00e9noncer la&nbsp;pauvret\u00e9 en Italie<span class=\"ez-toc-section-end\"><\/span><\/h2>\n\n\n\n<p>C\u2019est l\u2019histoire d\u2019un p\u00e8re de famille qui parvient \u00e0 trouver du travail, jurant qu\u2019il poss\u00e8de un v\u00e9lo pour pouvoir ex\u00e9cuter sa t\u00e2che quotidienne: coller des affiches dans les rues de la ville. Sa famille est modeste, il a une femme qui se tue au travail, un b\u00e9b\u00e9 et un fils, qui travaille \u00e0 une pompe \u00e0 essence.<\/p>\n\n\n\n<p>Les premi\u00e8res sc\u00e8nes pourtant, ne montrent pas le d\u00e9sarroi de cette famille, elles prennent&nbsp;le parti de l\u2019optimisme: le mari ach\u00e8te une bicyclette contre des gages et il devient presqu\u2019un h\u00e9ros, comme si le v\u00e9lo devenait une sorte d\u2019appendice de sa personne, essentiel \u00e0 son fonctionnement et au futur de son foyer. Une critique du&nbsp;<strong>mat\u00e9rialisme&nbsp;<\/strong>?<\/p>\n\n\n\n<p>La pauvret\u00e9 saute aux yeux malgr\u00e9 tout. Et lorsque le p\u00e8re se fait voler sa bicyclette dans la rue, le voici d\u00e9muni, encore plus qu\u2019il ne l\u2019\u00e9tait, presque nu et honteux de rentrer chez lui.<\/p>\n\n\n\n<p>Cette soci\u00e9t\u00e9 est aussi celle du \u00ab&nbsp;ch\u00f4mage&nbsp;\u00bb apr\u00e8s la Seconde Guerre Mondiale.<\/p>\n\n\n\n<h2 class=\"wp-block-heading\" id=\"2-montrer-les-rues-la-vie-du-petit-peuple\"><span class=\"ez-toc-section\" id=\"2_Montrer_les_rues_la_vie_du_%C2%AB_petit_%C2%BB_peuple\"><\/span>2. Montrer les rues, la vie du \u00ab&nbsp;petit&nbsp;\u00bb peuple<span class=\"ez-toc-section-end\"><\/span><\/h2>\n\n\n\n<p>Tout au long du film, on suit les protagonistes (surtout le p\u00e8re et son fils) \u00e0 travers les rues italiennes et la cam\u00e9ra filme au plus pr\u00e8s le d\u00e9roulement de la vie dans la rue. C\u2019est pr\u00e9texte \u00e0 montrer autre chose que les grands salons des aristocrates. On y voit les hommes surtout, tandis que les femmes restent \u00e0 proximit\u00e9 de leur maison ou dans la maison. Cette exclusion est marqu\u00e9e aussi par la sc\u00e8ne dans les toilettes pour femmes. La cam\u00e9ra montre aussi les visages graves et pieux lors d\u2019une messe o\u00f9 la soupe populaire est donn\u00e9e et les hommes ras\u00e9s gracieusement. L\u2019automobile dans la rue, fait presqu\u2019office de figure agressive et inutile.<\/p>\n\n\n\n<figure class=\"wp-block-image size-large\"><img decoding=\"async\" src=\"https:\/\/unefrancaisedanslalune.wordpress.com\/wp-content\/uploads\/2022\/02\/da69725e-3aae-491f-820d-bc77f3146c36.jpeg?w=1024\" alt=\"\" class=\"wp-image-2271\"\/><figcaption class=\"wp-element-caption\"><em>Ladri di biciclette <\/em><\/figcaption><\/figure>\n\n\n\n<h2 class=\"wp-block-heading\" id=\"3-la-culture-de-masse-et-l-industrialisation\"><span class=\"ez-toc-section\" id=\"3_La_culture_de_masse_et_lindustrialisation\"><\/span>3. La culture de masse et l\u2019industrialisation<span class=\"ez-toc-section-end\"><\/span><\/h2>\n\n\n\n<p>Vittorio de Sica d\u00e9nonce sans pointer une arme sur ce qu\u2019il critique. Il observe d\u2019ailleurs, plus qu\u2019il n\u2019analyse.&nbsp;<\/p>\n\n\n\n<p>Les affiches coll\u00e9es par le p\u00e8re sont des affiches de corps f\u00e9minins, de stars hollywoodiennes, signe de l\u2019am\u00e9ricanisation de l\u2019\u00e9poque. Un autre regard, subtil, montre les nombreux transports utilis\u00e9s dans la ville, le v\u00e9lo, le tramway ou \u00ab&nbsp;trolley&nbsp;\u00bb. Tout est \u00ab&nbsp;uniformisation&nbsp;\u00bb des corps, des pratiques. Les travailleurs font la queue \u00ab&nbsp;en masse&nbsp;\u00bb pour rentrer chez eux par les transports en commun, les habitants quittent le spectacle ou le march\u00e9 &nbsp;par dizaine \u00e0 dos de v\u00e9lo. Un autre clin d\u2019oeil \u00e0 cette culture \u00ab&nbsp;de la masse&nbsp;\u00bb &nbsp;est particuli\u00e8rement int\u00e9ressant : c\u2019est la sc\u00e8ne o\u00f9 le p\u00e8re cherche sa bicyclette&nbsp;dans une sorte de \u2018casse\u2019 \u00e0 v\u00e9los o\u00f9 on les&nbsp;r\u00e9pare et les revend,&nbsp;entiers ou en pi\u00e8ces d\u00e9tach\u00e9es. Cette sc\u00e8ne est magnifique, car le p\u00e8re veut reconna\u00eetre sa bicyclette parmi tous les mod\u00e8les pr\u00e9sent, mais il est vite noy\u00e9 par la pr\u00e9sence d\u2019un trop grand nombre d\u2019entre eux, et par toutes les pi\u00e8ces, sonnettes, guidons, engrenages, caoutchoucs, selles, qui l\u2019entourent. Il ne peut donner que la plaque d\u2019immatriculation de son v\u00e9lo, comme identit\u00e9 de celui-ci et comme preuve.&nbsp;<\/p>\n\n\n\n<p>Dans cette sc\u00e8ne, l\u2019uniformisation de la soci\u00e9t\u00e9, l\u2019industrialisation galopante de cette derni\u00e8re est d\u00e9nonc\u00e9e. La bicyclette a toujours exist\u00e9 mais elle est devenue un instrument, un outil pour le travail. Tandis qu\u2019il fut un temps o\u00f9 elle n\u2019\u00e9tait qu\u2019un objet de loisir et d\u2019oisivet\u00e9, d\u2019amusement. La sc\u00e8ne le rappelle d\u2019ailleurs, \u00e9voquant l\u2019enfance, lorsqu\u2019un marchand essaye de tenter le jeune fils avec le bruit d\u2019une sonnette pour v\u00e9lo.<\/p>\n\n\n\n<p>Ces pi\u00e8ces d\u00e9tach\u00e9es de bicyclette sont aussi une m\u00e9taphore de ce qu\u2019est devenu l\u2019\u00eatre humain aux yeux du r\u00e9alisateur : une pi\u00e8ce de la cha\u00eene de production dans l\u2019industrie, jetable ou&nbsp;corv\u00e9able \u00e0 merci.<\/p>\n\n\n\n<h2 class=\"wp-block-heading\" id=\"4-la-societe-devenue-trop-serieuse-a-quitte-l-enfance\"><span class=\"ez-toc-section\" id=\"4_La_societe_devenue_trop_serieuse_a_quitte_lenfance\"><\/span>4. La soci\u00e9t\u00e9 devenue trop s\u00e9rieuse, a quitt\u00e9 l\u2019enfance<span class=\"ez-toc-section-end\"><\/span><\/h2>\n\n\n\n<p>Apr\u00e8s l\u2019effort et la souffrance de guerre, la soci\u00e9t\u00e9 semble avoir atteint une sorte d\u2019\u00e2ge adulte, o\u00f9 l\u2019insouciance des premiers temps a disparu. Le p\u00e8re est cette figure de l\u2019adulte, justement \u00ab&nbsp;d\u00e9figur\u00e9e&nbsp;\u00bb par le vice. La col\u00e8re le m\u00e8ne en effet \u00e0 consid\u00e9rer le&nbsp;vol&nbsp;d\u2019une bicyclette \u00e0 son tour.<\/p>\n\n\n\n<p>Mais il est aussi une figure de l\u2019enfant \u00e0 qui l\u2019on aurait vol\u00e9 son jouet\u2026<\/p>\n\n\n\n<p>L\u2019enfant quant \u00e0 lui est transform\u00e9 en adulte de la mani\u00e8re la plus abrupte qui soit. Depuis qu\u2019il travaille \u00e0 une station d\u2019essence, le visage poussi\u00e9reux et noir de crasse, tandis qu\u2019il court apr\u00e8s son p\u00e8re pour l\u2019aider \u00e0 retrouver son v\u00e9lo et qu\u2019il voit le caract\u00e8re de ce dernier changer au fur et \u00e0 mesure de sa recherche. Quelques sc\u00e8nes viennent, en vaines tentatives, rappeler au spectateur attentif, que l\u2019enfance n\u2019est pas loin, notamment lors de la sc\u00e8ne du restaurant, o\u00f9 l\u2019enfant r\u00eaverait bien d\u2019un plat aussi copieux qu\u2019un autre gar\u00e7on de son \u00e2ge dans la m\u00eame salle, mais apparemment issu&nbsp;d\u2019une famille plus ais\u00e9e.<\/p>\n\n\n\n<h2 class=\"wp-block-heading\" id=\"5-une-societe-qui-pardonne-et-ferme-les-yeux\"><span class=\"ez-toc-section\" id=\"5_Une_societe_qui_pardonne_et_ferme_les_yeux\"><\/span>5. Une soci\u00e9t\u00e9 qui pardonne et ferme les yeux<span class=\"ez-toc-section-end\"><\/span><\/h2>\n\n\n\n<p>C\u2019est ce que veut raconter Vittorio de Sica. L\u00e0 o\u00f9, peut-\u00eatre, il d\u00e9noncerait ceux qui s\u2019en prennent physiquement et violemment aux plus d\u00e9munis, \u00e0 la mani\u00e8re d\u2019un Victor Hugo avec ses&nbsp;<strong><em>Mis\u00e9rables<\/em><\/strong>, Antonio Ricci, le personnage du p\u00e8re dans le film, est le Jean Valjean de de Sica. Sa condition explique son geste final et&nbsp;<em>in fine&nbsp;<\/em>excuse le geste du voleur originel de la bicyclette.&nbsp;<\/p>\n\n\n\n<p>De Sica filme une soci\u00e9t\u00e9 du d\u00e9sespoir, qui dans un cercle vicieux, ne parvient jamais \u00e0 sortir de la pauvret\u00e9 mais qu\u2019il veut r\u00e9habiliter, mettre en valeur.<\/p>\n\n\n\n<p>Ce qu\u2019il raconte a bien plus d\u2019impact social que\u00a0<em><strong><a href=\"https:\/\/tassadanslesmyriades.fr\/?p=354\">La Dolce Vita<\/a><\/strong><\/em>\u00a0par exemple, qui se voulait intellectuel, avec un parti-pris esth\u00e9tique, sans ton moralisateur \u00e9vident. Ici c\u2019est le contraire, l\u2019esth\u00e9tique c\u2019est la simplicit\u00e9 et le d\u00e9nuement et\u00a0la morale p\u00e8se lourdement sur le g\u00e9n\u00e9rique de fin.<\/p>\n\n\n\n<p>A voir !<\/p>\n\n\n\n<p class=\"has-text-align-right has-text-align-right\">Sign\u00e9 Tassa<\/p>\n","protected":false},"excerpt":{"rendered":"<p>Je vous parle du film Le voleur de bicyclette <\/p>\n","protected":false},"author":1,"featured_media":0,"comment_status":"open","ping_status":"closed","sticky":false,"template":"","format":"standard","meta":{"footnotes":""},"categories":[1],"tags":[20,8],"class_list":["post-338","post","type-post","status-publish","format-standard","hentry","category-cinema","tag-cine-l","tag-cinema"],"_links":{"self":[{"href":"https:\/\/tassadanslesmyriades.fr\/index.php?rest_route=\/wp\/v2\/posts\/338","targetHints":{"allow":["GET"]}}],"collection":[{"href":"https:\/\/tassadanslesmyriades.fr\/index.php?rest_route=\/wp\/v2\/posts"}],"about":[{"href":"https:\/\/tassadanslesmyriades.fr\/index.php?rest_route=\/wp\/v2\/types\/post"}],"author":[{"embeddable":true,"href":"https:\/\/tassadanslesmyriades.fr\/index.php?rest_route=\/wp\/v2\/users\/1"}],"replies":[{"embeddable":true,"href":"https:\/\/tassadanslesmyriades.fr\/index.php?rest_route=%2Fwp%2Fv2%2Fcomments&post=338"}],"version-history":[{"count":1,"href":"https:\/\/tassadanslesmyriades.fr\/index.php?rest_route=\/wp\/v2\/posts\/338\/revisions"}],"predecessor-version":[{"id":401,"href":"https:\/\/tassadanslesmyriades.fr\/index.php?rest_route=\/wp\/v2\/posts\/338\/revisions\/401"}],"wp:attachment":[{"href":"https:\/\/tassadanslesmyriades.fr\/index.php?rest_route=%2Fwp%2Fv2%2Fmedia&parent=338"}],"wp:term":[{"taxonomy":"category","embeddable":true,"href":"https:\/\/tassadanslesmyriades.fr\/index.php?rest_route=%2Fwp%2Fv2%2Fcategories&post=338"},{"taxonomy":"post_tag","embeddable":true,"href":"https:\/\/tassadanslesmyriades.fr\/index.php?rest_route=%2Fwp%2Fv2%2Ftags&post=338"}],"curies":[{"name":"wp","href":"https:\/\/api.w.org\/{rel}","templated":true}]}}