{"id":415,"date":"2024-08-08T15:03:10","date_gmt":"2024-08-08T15:03:10","guid":{"rendered":"https:\/\/tassadanslesmyriades.fr\/?p=415"},"modified":"2024-08-08T15:03:10","modified_gmt":"2024-08-08T15:03:10","slug":"pourquoi-space-force-serie-na-pas-fonctionne-netflix","status":"publish","type":"post","link":"https:\/\/tassadanslesmyriades.fr\/?p=415","title":{"rendered":"Pourquoi Space Force (s\u00e9rie) n\u2019a pas fonctionn\u00e9 ? [netflix]"},"content":{"rendered":"\n<p>Space Force est une s\u00e9rie que j\u2019ai ador\u00e9e, mais qui n\u2019a eu que deux saisons sur Netflix. La raison de cet \u00e9chec est selon moi un simple probl\u00e8me de concordance des temps. Quelques explications\u2026<\/p>\n\n\n\n<figure class=\"wp-block-image size-large\"><img loading=\"lazy\" decoding=\"async\" width=\"1024\" height=\"1024\" src=\"https:\/\/tassadanslesmyriades.fr\/wp-content\/uploads\/2024\/08\/tassadanslesmyriades-1-6-1024x1024.png\" class=\"wp-image-414\" srcset=\"https:\/\/tassadanslesmyriades.fr\/wp-content\/uploads\/2024\/08\/tassadanslesmyriades-1-6-1024x1024.png 1024w, https:\/\/tassadanslesmyriades.fr\/wp-content\/uploads\/2024\/08\/tassadanslesmyriades-1-6-300x300.png 300w, https:\/\/tassadanslesmyriades.fr\/wp-content\/uploads\/2024\/08\/tassadanslesmyriades-1-6-150x150.png 150w, https:\/\/tassadanslesmyriades.fr\/wp-content\/uploads\/2024\/08\/tassadanslesmyriades-1-6-768x768.png 768w, https:\/\/tassadanslesmyriades.fr\/wp-content\/uploads\/2024\/08\/tassadanslesmyriades-1-6.png 1080w\" sizes=\"auto, (max-width: 1024px) 100vw, 1024px\" \/><\/figure>\n\n\n\n<p><strong><em>R\u00e9sum\u00e9&nbsp;<\/em><\/strong>: Le 18 juin 2018, le gouvernement f\u00e9d\u00e9ral annonce la cr\u00e9ation d\u2019une 6e Division au sein des forces arm\u00e9es am\u00e9ricaines. L\u2019objectif de cette nouvelle section : d\u00e9fendre les satellites contre des attaques et ex\u00e9cuter diverses missions li\u00e9es aux op\u00e9rations spatiales\u2026 plus ou moins. (Source :&nbsp;<a href=\"https:\/\/www.allocine.fr\/series\/ficheserie_gen_cserie=24672.html\">Allocin\u00e9<\/a>)<\/p>\n\n\n\n<p><em><strong>Space Force<\/strong><\/em>&nbsp;est une s\u00e9rie comique cr\u00e9\u00e9e par l\u2019un des auteurs de&nbsp;<em>The Office<\/em>&nbsp;et l\u2019acteur principal de la m\u00eame s\u00e9rie, Greg Daniels et Steve Carell. Port\u00e9e par deux impressionnants acteurs-com\u00e9diens, Steve Carell et John Malkovich, la s\u00e9rie n\u2019a pourtant pas r\u00e9sist\u00e9 \u00e0 la pression de l\u2019audience depuis 2020 en s\u2019arr\u00eatant brutalement au bout de la seconde saison, alors m\u00eame que les enjeux \u00e9taient grands. Chaque \u00e9pisode fait 30 minutes et d\u00e9crit le quotidien, tant dans la vie professionnelle que priv\u00e9e, du g\u00e9n\u00e9ral Mark Naird. Son nom de famille fait \u00e9cho \u00e0 \u00ab&nbsp;nerd&nbsp;\u00bb pour \u00ab&nbsp;ringard&nbsp;\u00bb ou \u00ab&nbsp;intello&nbsp;\u00bb ou encore \u00ab&nbsp;grosse t\u00eate&nbsp;\u00bb en anglais.<\/p>\n\n\n\n<p>Les r\u00e9f\u00e9rences \u00e0 la science-fiction et aux films du genre sont nombreuses. Elles impliquent une connaissance s\u00e9rieuse du milieu de la SF pour les spectateurs, bien qu\u2019il s\u2019agisse d\u2019un univers de niche. Ainsi, le docteur Adrian Mallory, avec qui le g\u00e9n\u00e9ral Mark Naird s\u2019entend tr\u00e8s mal, est le directeur scientifique de la Space Force (interpr\u00e9t\u00e9 par John Malkovich, tr\u00e8s dou\u00e9 pour simuler la folie vs l\u2019imperturbabilit\u00e9). Son r\u00f4le est une parodie assum\u00e9e du Docteur Folamour, personnage iconique du cin\u00e9ma de la guerre froide (<em>Dr Strangelove<\/em>&nbsp;de Stanley Kubrick, 1964).<\/p>\n\n\n\n<p>D\u2019ailleurs, la m\u00eame parano\u00efa des films de SF de la guerre froide r\u00e8gne dans la s\u00e9rie&nbsp;<em>Space Force&nbsp;<\/em>propos\u00e9e par Netflix, le sujet de la m\u00e9galomanie am\u00e9ricaine \u00e9tant d\u00e9plac\u00e9 \u00e0 un conflit \u00ab&nbsp;L\u2019Am\u00e9rique&nbsp;<em>versus&nbsp;<\/em>le reste du monde (c\u2019est-\u00e0-dire la Chine et la Russie)&nbsp;\u00bb.<\/p>\n\n\n\n<div id=\"ez-toc-container\" class=\"ez-toc-v2_0_82_2 counter-hierarchy ez-toc-counter ez-toc-grey ez-toc-container-direction\">\r\n<div class=\"ez-toc-title-container\">\r\n<p class=\"ez-toc-title\" style=\"cursor:inherit\">Table of Contents<\/p>\r\n<span class=\"ez-toc-title-toggle\"><a href=\"#\" class=\"ez-toc-pull-right ez-toc-btn ez-toc-btn-xs ez-toc-btn-default ez-toc-toggle\" aria-label=\"Toggle Table of Content\"><span class=\"ez-toc-js-icon-con\"><span class=\"\"><span class=\"eztoc-hide\" style=\"display:none;\">Toggle<\/span><span class=\"ez-toc-icon-toggle-span\"><svg style=\"fill: #999;color:#999\" xmlns=\"http:\/\/www.w3.org\/2000\/svg\" class=\"list-377408\" width=\"20px\" height=\"20px\" viewBox=\"0 0 24 24\" fill=\"none\"><path d=\"M6 6H4v2h2V6zm14 0H8v2h12V6zM4 11h2v2H4v-2zm16 0H8v2h12v-2zM4 16h2v2H4v-2zm16 0H8v2h12v-2z\" fill=\"currentColor\"><\/path><\/svg><svg style=\"fill: #999;color:#999\" class=\"arrow-unsorted-368013\" xmlns=\"http:\/\/www.w3.org\/2000\/svg\" width=\"10px\" height=\"10px\" viewBox=\"0 0 24 24\" version=\"1.2\" baseProfile=\"tiny\"><path d=\"M18.2 9.3l-6.2-6.3-6.2 6.3c-.2.2-.3.4-.3.7s.1.5.3.7c.2.2.4.3.7.3h11c.3 0 .5-.1.7-.3.2-.2.3-.5.3-.7s-.1-.5-.3-.7zM5.8 14.7l6.2 6.3 6.2-6.3c.2-.2.3-.5.3-.7s-.1-.5-.3-.7c-.2-.2-.4-.3-.7-.3h-11c-.3 0-.5.1-.7.3-.2.2-.3.5-.3.7s.1.5.3.7z\"\/><\/svg><\/span><\/span><\/span><\/a><\/span><\/div>\r\n<nav><ul class='ez-toc-list ez-toc-list-level-1 ' ><li class='ez-toc-page-1 ez-toc-heading-level-2'><a class=\"ez-toc-link ez-toc-heading-1\" href=\"https:\/\/tassadanslesmyriades.fr\/?p=415\/#La_piste_de_lhumour_et_de_labsurde\" >La piste de l\u2019humour et de l\u2019absurde<\/a><\/li><li class='ez-toc-page-1 ez-toc-heading-level-2'><a class=\"ez-toc-link ez-toc-heading-2\" href=\"https:\/\/tassadanslesmyriades.fr\/?p=415\/#Les_references_a_Kubrick_Star_Trek_etc\" >Les r\u00e9f\u00e9rences \u00e0 Kubrick, Star Trek, etc.<\/a><\/li><li class='ez-toc-page-1 ez-toc-heading-level-2'><a class=\"ez-toc-link ez-toc-heading-3\" href=\"https:\/\/tassadanslesmyriades.fr\/?p=415\/#Un_ancrage_realiste_trop_en_avance_sur_son_temps\" >Un ancrage r\u00e9aliste trop en avance sur son temps<\/a><\/li><\/ul><\/nav><\/div>\r\n<h2 class=\"wp-block-heading\"><span class=\"ez-toc-section\" id=\"La_piste_de_lhumour_et_de_labsurde\"><\/span>La piste de l\u2019humour et de l\u2019absurde<span class=\"ez-toc-section-end\"><\/span><\/h2>\n\n\n\n<p>La sc\u00e8ne d\u2019ouverture dans le premier \u00e9pisode pilote de la s\u00e9rie est un bon exemple de l\u2019absurdit\u00e9 dont fera preuve la s\u00e9rie. Dans cet \u00e9pisode intitul\u00e9 \u00ab&nbsp;Le lancement&nbsp;\u00bb, m\u00e9taphore qui caract\u00e9rise l\u2019audace de cette nouvelle s\u00e9rie t\u00e9l\u00e9visuelle, le ton est donn\u00e9 par le discours franchement bancal du g\u00e9n\u00e9ral jou\u00e9 par Steve Carell face \u00e0 deux membres de sa famille (Lisa Kudrow toujours g\u00e9niale) lorsqu\u2019il re\u00e7oit les honneurs de sa nouvelle promotion. Les acteurs choisis sont caricaturaux par choix, ce qui est tr\u00e8s int\u00e9ressant. Ben Schwartz ou Noah Emmerich font partie d\u2019une distribution judicieuse qui moque les \u00e9lites s\u2019occupant des affaires spatiales et de l\u2019arm\u00e9e. Quelques sc\u00e8nes jouissives, dont les r\u00e9unions entre les t\u00eates pensantes et ex\u00e9cutantes de l\u2019arm\u00e9e, viennent ponctuer les d\u00e9buts d\u2019une s\u00e9rie qui se veut avant tout cynique sur le r\u00f4le tenu par les \u00c9tats-Unis dans la conqu\u00eate de l\u2019espace. L\u2019apparition br\u00e8ve de Jane Lynch (<em>Glee<\/em>) en cheffe des op\u00e9rations navales est vivifiante !<\/p>\n\n\n\n<p>L\u2019attachement aux personnages est une des forces de la s\u00e9rie. Chacun partage un trait commun : un grain de folie. Quand le g\u00e9n\u00e9ral semble rationnel et pos\u00e9 face \u00e0 sa femme, emprisonn\u00e9e apr\u00e8s un \u00e9pisode de d\u00e9pression maniaque, il est en fait pouss\u00e9 \u00e0 bout par sa hi\u00e9rarchie et par son acolyte le Docteur Mallory. Pour rester serein et se rappeler qu\u2019il vit une situation tout \u00e0 fait normale, Steve Carell se met r\u00e9guli\u00e8rement \u00e0 chanter et \u00e0 danser.<\/p>\n\n\n\n<p>Le comique de r\u00e9p\u00e9tition est aussi utilis\u00e9 maintes fois, avec l\u2019entr\u00e9e ind\u00e9sir\u00e9e et forc\u00e9e du docteur Mallory dans le bureau du g\u00e9n\u00e9ral. D\u2019ailleurs Steve Carell reprend un peu son r\u00f4le dans&nbsp;<em>The Office&nbsp;<\/em>en jouant le ben\u00eat ou plut\u00f4t le na\u00eff face \u00e0 des situations trop complexes pour sa stature de militaire. Dans l\u2019\u00e9pisode 5, l\u2019\u00e9quipe de la Space Force doit s\u2019entra\u00eener sur un champ de tir pour simuler une attaque avec un match de<em>&nbsp;airsoft&nbsp;<\/em>(entra\u00eenement hypoth\u00e9tique contre une \u00e9quipe spatiale adverse ou contre des extraterrestres, qui sait ? pour figurer la rivalit\u00e9 entre Space Force et Air Force). L\u2019\u00e9normit\u00e9 de la situation est caricatur\u00e9e au point de ressembler \u00e0 une parodie d\u00e9lib\u00e9r\u00e9e d\u2019un autre film de Kubrick :&nbsp;<em>Full Metal Jacket<\/em>.<\/p>\n\n\n\n<p>Le film emprunte aussi aux clich\u00e9s habituels de la science-fiction, en utilisant la comp\u00e9tition avec la Chine ou la Russie comme moteur principal \u00e0 la conqu\u00eate spatiale. Malheureusement, et pour se moquer de la NASA, les essais de lancement de fus\u00e9e sont constamment des \u00e9checs malgr\u00e9 le d\u00e9ploiement financier et technologique de la base arm\u00e9e secr\u00e8te dans laquelle travaillent Mallory et Naird. Lorsque Naird apprend qu\u2019un des vaisseaux qui a explos\u00e9 en cours de lancement co\u00fbtait \u00ab&nbsp;4\u2026 \u00e9coles primaires&nbsp;\u00bb, ce dernier fait une t\u00eate contrari\u00e9e, mimant l\u2019enfant frustr\u00e9 par un jouet cass\u00e9.&nbsp;<\/p>\n\n\n\n<p>Le plus dr\u00f4le (hilarant m\u00eame) dans tout cela, c\u2019est que lorsque le g\u00e9n\u00e9ral Naird s\u2019essaie \u00e0 proposer des solutions pour r\u00e9soudre les probl\u00e8mes scientifiques, ce dernier fait des suggestions enfantines, irrationnelles, mais terre-\u00e0-terre, qui finalement semblent trancher avec l\u2019impartialit\u00e9, la rationalit\u00e9 et l\u2019ind\u00e9cision des scientifiques.<\/p>\n\n\n\n<h2 class=\"wp-block-heading\"><span class=\"ez-toc-section\" id=\"Les_references_a_Kubrick_Star_Trek_etc\"><\/span>Les r\u00e9f\u00e9rences \u00e0 Kubrick, Star Trek, etc.<span class=\"ez-toc-section-end\"><\/span><\/h2>\n\n\n\n<p>La mise en sc\u00e8ne doit beaucoup \u00e0 des r\u00e9f\u00e9rences un peu t\u00e9l\u00e9phon\u00e9es, mais qui ont une importance fondamentale dans la compr\u00e9hension de l\u2019objectif global de la s\u00e9rie. L\u2019affiche du golfeur sur la Lune derri\u00e8re le bureau de Naird est un pied de nez \u00e0 la v\u00e9ritable NASA. La s\u00e9rie tente en effet de montrer l\u2019impossibilit\u00e9 et la non-viabilit\u00e9 d\u2019une conqu\u00eate de l\u2019espace. Le postulat est b\u00eate, n\u00e9anmoins accessible.<\/p>\n\n\n\n<p>De plus, le g\u00e9n\u00e9ral Naird est clair lors de sa conf\u00e9rence d\u2019enr\u00f4lement au lyc\u00e9e Mitchell : ils sont l\u00e0 pour \u00ab&nbsp;occuper&nbsp;\u00bb la Lune et l\u2019espace et non plus pour la promenade ni m\u00eame pour la science. C\u2019est l\u00e0 que la confrontation entre Mallory et Naird est croustillante : l\u2019un ne d\u00e9sire que faire avancer la science pour le bien commun et l\u2019int\u00e9r\u00eat g\u00e9n\u00e9ral, et l\u2019autre doit respecter les budgets et le timing pour des raisons politiques et \u00e9conomiques.<\/p>\n\n\n\n<p>Cette opposition science\/militaire existe d\u00e9j\u00e0 dans bien des \u0153uvres de science-fiction, par exemple dans&nbsp;<em>Star Trek<\/em>&nbsp;(la rivalit\u00e9 respectueuse entre le capitaine Kirk et le docteur Spock). La s\u00e9rie est pr\u00e9texte \u00e0 s\u2019emparer de la th\u00e9matique du racisme intrins\u00e8que \u00e0 l\u2019arm\u00e9e (la sc\u00e8ne du docteur Chan avec le g\u00e9n\u00e9ral Naird), celle de l\u2019\u00e9cologie et de la biodiversit\u00e9 (la figure de la biologiste-g\u00e9ologue cherchant \u00e0 r\u00e9pertorier les esp\u00e8ces de la base, situ\u00e9e en plein d\u00e9sert) ou encore celle de l\u2019\u00e9thique (l\u2019envoi d\u2019animaux ou d\u2019\u00e9quipes humaines dans l\u2019espace\u2026).<\/p>\n\n\n\n<p>La question d\u2019une bombe est \u00e9voqu\u00e9e dans le second \u00e9pisode, hommage tr\u00e8s probable au&nbsp;<em>Docteur Folamour&nbsp;<\/em>de Kubrick. Les sc\u00e8nes avec le chimpanz\u00e9 moquent l\u2019id\u00e9e d\u2019une \u00e9thique dans la conqu\u00eate spatiale am\u00e9ricaine et renvoient \u00e0&nbsp;<em>La Plan\u00e8te des Singes<\/em>&nbsp;(Tim Burton, 2001 ou Rupert Wyatt en 2011, c\u2019est selon, m\u00eame s\u2019il existe plus de cinq adaptions du roman de Pierre Boulle).<\/p>\n\n\n\n<p>L\u2019\u00e9pisode de la retraite (ou le stage\u2026) du g\u00e9n\u00e9ral Naird dans le faux habitat lunaire est g\u00e9nial et nous rappelle&nbsp;<em>Interstellar&nbsp;<\/em>(Christopher Nolan) et&nbsp;<em>Seul sur Mars&nbsp;<\/em>(Ridley Scott). Les sc\u00e9naristes y ajoutent une touche de \u00ab&nbsp;t\u00e9l\u00e9r\u00e9alit\u00e9&nbsp;\u00bb en montrant une \u00e9quipe qui se dispute pour un rien. La d\u00e9sillusion des \u00e9quipes fait d\u2019ailleurs penser \u00e0 celle dans&nbsp;<em>The Alien<\/em>&nbsp;du m\u00eame Ridley Scott (qu\u2019il est fort ce Ridley !)<\/p>\n\n\n\n<h2 class=\"wp-block-heading\"><span class=\"ez-toc-section\" id=\"Un_ancrage_realiste_trop_en_avance_sur_son_temps\"><\/span>Un ancrage r\u00e9aliste trop en avance sur son temps<span class=\"ez-toc-section-end\"><\/span><\/h2>\n\n\n\n<p>Si la s\u00e9rie n\u2019a pas pris, si le public n\u2019a pas trop adh\u00e9r\u00e9, c\u2019est que celle-ci est trop en avance sur son temps (selon moi). Les d\u00e9cors et le contexte servent d\u2019abord \u00e0 justifier des affaires de m\u0153urs et de c\u0153ur, alors que le sujet de la conqu\u00eate spatiale est laiss\u00e9 en arri\u00e8re-plan dans la plupart des sc\u00e8nes. En effet, les personnages auraient pu se t\u00e9l\u00e9porter dans un d\u00e9cor tout autre, par exemple, le milieu de la police, ou le milieu m\u00e9dical, le milieu scientifique ou militaire autre que les domaines spatiaux\u2026 tout autre domaine o\u00f9 l\u2019incomp\u00e9tence est souvent reproch\u00e9e en tout cas \u2026!<\/p>\n\n\n\n<p>Il n\u2019emp\u00eache que transposer des histoires de peines et d\u2019\u00e9chec du couple ou de la cellule familiale dans une ambiance de science-fiction est \u00e9minemment moderne. Les deux cr\u00e9ateurs de la s\u00e9rie en font ainsi un sujet banal et normalis\u00e9, ce qui devrait amener les spectateurs \u00e0 s\u2019interroger sur notre condition humaine en g\u00e9n\u00e9ral. Le public a certainement du mal \u00e0 se figurer \u00e0 quel point la conqu\u00eate de l\u2019espace est devenue&nbsp;<em>mainstream<\/em>&nbsp;puisque tous les films de ce genre ont pour but de rendre les personnages plus h\u00e9ro\u00efques (<em>Apollo 13<\/em>&nbsp;de Ron Howard en 1995 dont il y a une r\u00e9f\u00e9rence derri\u00e8re le bureau du secr\u00e9taire du g\u00e9n\u00e9ral Naird,&nbsp;<em>Gravity&nbsp;<\/em>d\u2019Alfonso Cuar\u00f3n en 2013 ou encore&nbsp;<em>Seul sur Mars&nbsp;<\/em>de Ridley Scott en 2015). Au lieu de cela, les deux initiateurs de la s\u00e9rie tuent les h\u00e9ros dans l\u2019\u0153uf, en rendant Malkovitch et Carell \u00e0 la fois d\u00e9testables et sympathiques. Cette figure de l\u2019anti-h\u00e9ros r\u00e9pond \u00e0 celle choisie par Stanley Kubrick dans&nbsp;<em>2001, l\u2019Odyss\u00e9e de l\u2019espace<\/em>(l\u2019homme n\u2019est-il rien face \u00e0 la technologie-la machine ?).<\/p>\n\n\n\n<p>La fille du g\u00e9n\u00e9ral Naird vient pond\u00e9rer l\u2019effort comique de la s\u00e9rie en sugg\u00e9rant que l\u2019\u00eatre humain est par nature seul et m\u00e9lancolique, mais qu\u2019il\/elle cherche avant tout l\u2019amour, \u00e2me s\u0153ur, amical ou familial. Ce n\u2019est par cons\u00e9quent pas dans l\u2019espace qu\u2019on trouve tout cela.<\/p>\n\n\n\n<p>C\u2019est donc avec regret que la s\u00e9rie s\u2019ach\u00e8ve \u00e0 la saison 2 sur une question ouverte : les \u00c9tats-Unis vont-ils redevenir les rois de l\u2019espace ? R\u00e9pondant \u00e0 l\u2019actualit\u00e9,&nbsp;<em>Space Force<\/em>a \u00e9t\u00e9 cr\u00e9\u00e9e parce que Donald Trump avait envisag\u00e9 en 2018 de cr\u00e9er une nouvelle force sp\u00e9ciale charg\u00e9e de retourner sur la Lune afin de coiffer au poteau, Indiens, Chinois et Russes.<\/p>\n\n\n\n<p class=\"has-text-align-right\">Sign\u00e9 Tassa, fan de SF.<\/p>\n","protected":false},"excerpt":{"rendered":"<p>Space Force est une s\u00e9rie que j\u2019ai ador\u00e9e, mais qui n\u2019a eu que deux saisons sur Netflix. La raison de cet \u00e9chec est selon moi un simple probl\u00e8me de concordance des temps. Quelques explications\u2026<\/p>\n","protected":false},"author":1,"featured_media":0,"comment_status":"open","ping_status":"closed","sticky":false,"template":"","format":"standard","meta":{"footnotes":""},"categories":[1],"tags":[8,37,46],"class_list":["post-415","post","type-post","status-publish","format-standard","hentry","category-cinema","tag-cinema","tag-divertissement","tag-serie"],"_links":{"self":[{"href":"https:\/\/tassadanslesmyriades.fr\/index.php?rest_route=\/wp\/v2\/posts\/415","targetHints":{"allow":["GET"]}}],"collection":[{"href":"https:\/\/tassadanslesmyriades.fr\/index.php?rest_route=\/wp\/v2\/posts"}],"about":[{"href":"https:\/\/tassadanslesmyriades.fr\/index.php?rest_route=\/wp\/v2\/types\/post"}],"author":[{"embeddable":true,"href":"https:\/\/tassadanslesmyriades.fr\/index.php?rest_route=\/wp\/v2\/users\/1"}],"replies":[{"embeddable":true,"href":"https:\/\/tassadanslesmyriades.fr\/index.php?rest_route=%2Fwp%2Fv2%2Fcomments&post=415"}],"version-history":[{"count":0,"href":"https:\/\/tassadanslesmyriades.fr\/index.php?rest_route=\/wp\/v2\/posts\/415\/revisions"}],"wp:attachment":[{"href":"https:\/\/tassadanslesmyriades.fr\/index.php?rest_route=%2Fwp%2Fv2%2Fmedia&parent=415"}],"wp:term":[{"taxonomy":"category","embeddable":true,"href":"https:\/\/tassadanslesmyriades.fr\/index.php?rest_route=%2Fwp%2Fv2%2Fcategories&post=415"},{"taxonomy":"post_tag","embeddable":true,"href":"https:\/\/tassadanslesmyriades.fr\/index.php?rest_route=%2Fwp%2Fv2%2Ftags&post=415"}],"curies":[{"name":"wp","href":"https:\/\/api.w.org\/{rel}","templated":true}]}}