{"id":418,"date":"2024-08-08T15:07:41","date_gmt":"2024-08-08T15:07:41","guid":{"rendered":"https:\/\/tassadanslesmyriades.fr\/?p=418"},"modified":"2024-08-08T15:07:41","modified_gmt":"2024-08-08T15:07:41","slug":"thor-chronique-dun-desastre-cinema","status":"publish","type":"post","link":"https:\/\/tassadanslesmyriades.fr\/?p=418","title":{"rendered":"Thor, chronique d\u2019un d\u00e9sastre ? [Cin\u00e9ma]"},"content":{"rendered":"\n<figure class=\"wp-block-image aligncenter size-large\"><img loading=\"lazy\" decoding=\"async\" width=\"550\" height=\"366\" src=\"https:\/\/tassadanslesmyriades.fr\/wp-content\/uploads\/2024\/08\/img_1148-1.jpg\" class=\"wp-image-417\" srcset=\"https:\/\/tassadanslesmyriades.fr\/wp-content\/uploads\/2024\/08\/img_1148-1.jpg 550w, https:\/\/tassadanslesmyriades.fr\/wp-content\/uploads\/2024\/08\/img_1148-1-300x200.jpg 300w\" sizes=\"auto, (max-width: 550px) 100vw, 550px\" \/><figcaption class=\"wp-element-caption\">Thor et son p\u00e8re Odin comme cul et chemise<\/figcaption><\/figure>\n\n\n\n<p>J\u2019ai revu l\u2019\u00e9pisode 1 de Thor, film de 2011 r\u00e9alis\u00e9 par Kenneth Branagh, et, alors que j\u2019avais d\u00e9j\u00e0 fait sa chronique il y a quelques temps, je me suis dit qu\u2019il fallait que je la refasse. Et apr\u00e8s avoir go\u00fbt\u00e9 aux d\u00e9licieux jeux de mots des tr\u00e8s s\u00e9rieux critiqueurs de Sens Critiques, qui sont \u00e0 se Thor-dre de rire, j\u2019ai commenc\u00e9 \u00e0 r\u00e9diger ma propre recension, avec cette image persistante de Loki aspir\u00e9 dans les t\u00e9n\u00e8bres hors d\u2019Asgard.&nbsp;<\/p>\n\n\n\n<p>Alors, escala-Thor \u00e9motionnel ?<\/p>\n\n\n\n<div id=\"ez-toc-container\" class=\"ez-toc-v2_0_82_2 counter-hierarchy ez-toc-counter ez-toc-grey ez-toc-container-direction\">\r\n<div class=\"ez-toc-title-container\">\r\n<p class=\"ez-toc-title\" style=\"cursor:inherit\">Table of Contents<\/p>\r\n<span class=\"ez-toc-title-toggle\"><a href=\"#\" class=\"ez-toc-pull-right ez-toc-btn ez-toc-btn-xs ez-toc-btn-default ez-toc-toggle\" aria-label=\"Toggle Table of Content\"><span class=\"ez-toc-js-icon-con\"><span class=\"\"><span class=\"eztoc-hide\" style=\"display:none;\">Toggle<\/span><span class=\"ez-toc-icon-toggle-span\"><svg style=\"fill: #999;color:#999\" xmlns=\"http:\/\/www.w3.org\/2000\/svg\" class=\"list-377408\" width=\"20px\" height=\"20px\" viewBox=\"0 0 24 24\" fill=\"none\"><path d=\"M6 6H4v2h2V6zm14 0H8v2h12V6zM4 11h2v2H4v-2zm16 0H8v2h12v-2zM4 16h2v2H4v-2zm16 0H8v2h12v-2z\" fill=\"currentColor\"><\/path><\/svg><svg style=\"fill: #999;color:#999\" class=\"arrow-unsorted-368013\" xmlns=\"http:\/\/www.w3.org\/2000\/svg\" width=\"10px\" height=\"10px\" viewBox=\"0 0 24 24\" version=\"1.2\" baseProfile=\"tiny\"><path d=\"M18.2 9.3l-6.2-6.3-6.2 6.3c-.2.2-.3.4-.3.7s.1.5.3.7c.2.2.4.3.7.3h11c.3 0 .5-.1.7-.3.2-.2.3-.5.3-.7s-.1-.5-.3-.7zM5.8 14.7l6.2 6.3 6.2-6.3c.2-.2.3-.5.3-.7s-.1-.5-.3-.7c-.2-.2-.4-.3-.7-.3h-11c-.3 0-.5.1-.7.3-.2.2-.3.5-.3.7s.1.5.3.7z\"\/><\/svg><\/span><\/span><\/span><\/a><\/span><\/div>\r\n<nav><ul class='ez-toc-list ez-toc-list-level-1 ' ><li class='ez-toc-page-1 ez-toc-heading-level-2'><a class=\"ez-toc-link ez-toc-heading-1\" href=\"https:\/\/tassadanslesmyriades.fr\/?p=418\/#Y_a_pas_a_Thor-tiller_du_cl_cest_un_bon_debut\" >Y a pas \u00e0 Thor-tiller du c*l, c\u2019est un bon d\u00e9but&nbsp;<\/a><\/li><li class='ez-toc-page-1 ez-toc-heading-level-2'><a class=\"ez-toc-link ez-toc-heading-2\" href=\"https:\/\/tassadanslesmyriades.fr\/?p=418\/#Thor-ticolis_dans_un_film_tres_classique%E2%80%A6\" >Thor-ticolis dans un film tr\u00e8s classique\u2026<\/a><\/li><li class='ez-toc-page-1 ez-toc-heading-level-2'><a class=\"ez-toc-link ez-toc-heading-3\" href=\"https:\/\/tassadanslesmyriades.fr\/?p=418\/#Un_film_pas_si_dingue_que_cela\" >Un film pas si dingue que cela&nbsp;<\/a><\/li><li class='ez-toc-page-1 ez-toc-heading-level-2'><a class=\"ez-toc-link ez-toc-heading-4\" href=\"https:\/\/tassadanslesmyriades.fr\/?p=418\/#Il_est_bien_mal_Loki\" >Il est bien mal Loki<\/a><\/li><li class='ez-toc-page-1 ez-toc-heading-level-2'><a class=\"ez-toc-link ez-toc-heading-5\" href=\"https:\/\/tassadanslesmyriades.fr\/?p=418\/#Un_final_qui_fait_ploc\" >Un final qui fait ploc<\/a><\/li><\/ul><\/nav><\/div>\r\n<h2 class=\"wp-block-heading\"><span class=\"ez-toc-section\" id=\"Y_a_pas_a_Thor-tiller_du_cl_cest_un_bon_debut\"><\/span>Y a pas \u00e0 Thor-tiller du c*l, c\u2019est un bon d\u00e9but&nbsp;<span class=\"ez-toc-section-end\"><\/span><\/h2>\n\n\n\n<p>Thor est l\u2019un des personnages les plus cultes des cr\u00e9ateurs de comic books. Il est probablement le plus puissant de tous les super-h\u00e9ros et fait partie int\u00e9grante de la gen\u00e8se de ces derniers. Son histoire, remontant \u00e0 la mythologie ancienne, est en v\u00e9rit\u00e9 \u00e0 l\u2019origine de tous les autres super-h\u00e9ros. En effet, Thor et son marteau magique repr\u00e9sentent l\u2019\u00e8re du super-h\u00e9ros descendu sur Terre alors qu\u2019il n\u2019y avait rien \u00e0 y faire, \u00e0 l\u2019image de Super-Man chez DC Comics. La Terre dans le film repr\u00e9sente l\u2019enfer, ou l\u2019errance de J\u00e9sus dans le d\u00e9sert, puni par Dieu. Rapporter la mythologie viking \u00e0 une parabole biblique, voil\u00e0 qui est fort de caf\u00e9, mais c\u2019\u00e9tait sans compter la t\u00e9nacit\u00e9 du r\u00e9alisateur, le tr\u00e8s british Kenneth Branagh, dont j\u2019ai racont\u00e9 les aventures filmiques pour&nbsp;<em><a href=\"https:\/\/tassadanslesmyriades.fr\/?p=383\">Le Crime de l\u2019Orient Express<\/a><\/em>&nbsp;et&nbsp;<em><a href=\"https:\/\/tassadanslesmyriades.fr\/?p=385\">Mort sur le Nil<\/a><\/em>. Chacun de ses films compte au moins une r\u00e9interpr\u00e9tation d\u2019une sc\u00e8ne biblique. Sachez-le. Ici, donc,&nbsp;<em>Thor<\/em>&nbsp;ne fait pas exception. Puisque \u00e9tonnement, Thor, envoy\u00e9 en exil par son papounet f\u00e2ch\u00e9 (Odin), atterrit sur Terre, en plein d\u00e9sert du Nouveau Mexique. C\u2019est pas tout \u00e0 fait le Mexique, c\u2019est encore l\u2019Am\u00e9rique\u2026 enfin approximativement.&nbsp;<\/p>\n\n\n\n<p>Le d\u00e9but du film est s\u00e9rieusement poilant. On dit de Kenneth Branagh qu\u2019il poss\u00e8de un humour \u00ab&nbsp;sexy&nbsp;\u00bb. Il arrive ainsi \u00e0 faire passer un dieu norv\u00e9gien pour un Don Juan. Interpr\u00e9t\u00e9 par Chris Hemsworth (impossible de prononcer correctement son nom sans zozoter), le super-h\u00e9ros rend hommage aux plus grands culturistes am\u00e9ricains (non, c\u2019est une blague, mais je me demande encore pourquoi Chris a le bras qui fait la taille d\u2019un cypr\u00e8s centenaire). \u00c0 l\u2019inverse, son fr\u00e8re adoptif, Loki, est tout fr\u00eale, p\u00e2le et obscur, tout droit sorti de Serpentard (humour) et aussi brun que Thor est blond. Jou\u00e9 par Tom Hiddleston, son personnage est devenu culte instantan\u00e9ment et la saga Thor n\u2019a plus tourn\u00e9 qu\u2019autour de Loki, le rejeton ador\u00e9. C\u2019est qu\u2019on est entr\u00e9 dans l\u2019\u00e8re des m\u00e9chants, ou des super-vilains.<\/p>\n\n\n\n<h2 class=\"wp-block-heading\"><span class=\"ez-toc-section\" id=\"Thor-ticolis_dans_un_film_tres_classique%E2%80%A6\"><\/span>Thor-ticolis dans un film tr\u00e8s classique\u2026<span class=\"ez-toc-section-end\"><\/span><\/h2>\n\n\n\n<p>Dans&nbsp;<em>Thor<\/em>, tout va mal, je veux dire, dans l\u2019intrigue principale. Thor est expuls\u00e9 de son monde multicolore, inspiration porte des \u00e9toiles et Mario Kart Circuit Harmonie et Arc-en-ciel\u2026 jusque l\u00e0 tout va bien. Sauf qu\u2019il tombe, litt\u00e9ralement, sur Natalie Portman, et \u00e7a faut le faire, aucun fan n\u2019aura jamais cette chance. En tout cas, la blague est dr\u00f4le. Car apr\u00e8s avoir percut\u00e9 Thor, puis lui avoir roul\u00e9 dessus plus tard dans le film, Natalie (Jane) finit par comprendre que Thor n\u2019est pas qu\u2019un pauvre intermittent du spectacle venu au Nouveau Mexique pour une convention Marvel.<\/p>\n\n\n\n<p>Thor apprend donc \u00e0 vivre sur Terre sans son jouet pr\u00e9f\u00e9r\u00e9, Le marteau ensorcel\u00e9 par Odin. Les sc\u00e8nes comiques s\u2019encha\u00eenent. On sent que le cin\u00e9aste ne va pas jusqu\u2019au bout de son d\u00e9lire blaguesque, car tr\u00e8s certainement la production \u00e9tait-elle derri\u00e8re en train de hurler, de la m\u00eame mani\u00e8re que le S.H.I.E.L.D. g\u00e2che tout le plaisir de la rencontre Thor + Jane, le S.H.I.E.L.D. \u00e9tant cette agence f\u00e9d\u00e9rale gouvernementale qui surveille les agissements des super-h\u00e9ros et des entit\u00e9s extraterrestres\/mutantes.<\/p>\n\n\n\n<p>Derri\u00e8re tout ce tapage dor\u00e9 et sexy, derri\u00e8re le corps bodybuild\u00e9 et les pecs\u2019 format bordure de trottoir et bulldozers de Thor, le reste de la distribution patauge. Natalie Portman, Anthony Hopkins et Stellan Skarsgard, trois excellents acteurs, surnagent en d\u00e9sert trouble. Pour autant, contrairement \u00e0&nbsp;<em>Thor 2,<\/em>&nbsp;il n\u2019y a pas de sc\u00e8nes path\u00e9tiques ou ridicules. C\u2019est pourquoi je conseille ce blockbuster, car il repr\u00e9sente les d\u00e9buts d\u2019un Marvel studios affair\u00e9 \u00e0 faire resurgir tout un corpus mythologique du super-h\u00e9ros pour s\u2019opposer \u00e0 la mont\u00e9e en puissance de DC Comics (<em>The Dark Knight&nbsp;<\/em>de Christopher Nolan en 2008 et&nbsp;<em>Watchmen&nbsp;<\/em>de Zack Snyder en 2009).<\/p>\n\n\n\n<p>Ce film brille par son c\u00f4t\u00e9 \u00ab&nbsp;je suis le petit-fils des films classiques de super-h\u00e9ros&nbsp;\u00bb, puisqu\u2019\u00e0 l\u2019inverse de DC Comics, l\u2019humour prend le dessus des Marvel comics (<em>Iron Man&nbsp;<\/em>de Jon Favreau en 2008 le prouve amplement). Malgr\u00e9 tout, ce pastiche donne le tournis.&nbsp;<\/p>\n\n\n\n<h2 class=\"wp-block-heading\"><span class=\"ez-toc-section\" id=\"Un_film_pas_si_dingue_que_cela\"><\/span>Un film pas si dingue que cela&nbsp;<span class=\"ez-toc-section-end\"><\/span><\/h2>\n\n\n\n<p>Le long m\u00e9trage fourmille de bonnes id\u00e9es et de bonnes intentions. Mais \u00e0 l\u2019image du laboratoire de Jane, vid\u00e9 soudainement par l\u2019agence du SHIELD qui confisque tous ses biens li\u00e9s \u00e0 sa recherche, le film est vain, un peu creux, empli de vacuit\u00e9 intersid\u00e9rale. Au milieu de tout cela, une vaste id\u00e9e du regard hommasse de Kenneth Branagh sur le film de super-h\u00e9ros : il faut bien une bonne dose de romance un brin niais pour que Thor s\u2019impose comme un dieu au grand c\u0153ur.<\/p>\n\n\n\n<p>Des personnages mal exploit\u00e9s, il y en a pl\u00e9thore. Le film ne durant que 1h54, il perd en intensit\u00e9 d\u00e8s lors que Thor r\u00e9cup\u00e8re son marteau. On ne sait presque rien des r\u00f4les secondaires, ce qui laisse une impression am\u00e8re d\u2019avoir b\u00e2cl\u00e9 le travail. Seuls Loki, l\u2019esp\u00e8ce de marcheur blanc \u00e0 la Game of Thrones et le gardien (<em>gate keeper<\/em>) de la porte des \u00e9toiles sont des personnages qu\u2019on aimerait revoir. Je ne dis pas que Thor exasp\u00e8re, il a r\u00e9ussi \u00e0 me charmer avec sa petite m\u00e8che blonde et sa cape rouge virevoltante. J\u2019aurais pr\u00e9f\u00e9r\u00e9 que le film se concentre sur son probl\u00e8me d\u2019adaptation sociale et culturelle sur Terre, mais on dirait que la Terre n\u2019est ici qu\u2019un pr\u00e9texte pour servir le grand projet de Marvel Studios MCU : r\u00e9unir tous les super-h\u00e9ros dans une alliance telle qu\u2019on la conna\u00eet aujourd\u2019hui (Les Avengers).<\/p>\n\n\n\n<h2 class=\"wp-block-heading\"><span class=\"ez-toc-section\" id=\"Il_est_bien_mal_Loki\"><\/span>Il est bien mal Loki<span class=\"ez-toc-section-end\"><\/span><\/h2>\n\n\n\n<p>Ce vaste \u00e9talage d\u2019effets sp\u00e9ciaux, somme toute mieux explor\u00e9 que dans le 2, ne rend pas enti\u00e8rement service \u00e0 Thor. Son marteau semble \u00eatre en plastoc, ses amis ressemblent \u00e0 des dieux romains \u00e9gar\u00e9s crois\u00e9s avec des Hobbits mignons et gentils. Natalie Portman baragouine quelques mots sans queue ni t\u00eate, \u00e9poustoufl\u00e9e par Le physique sans particules fines de Thor. Elle ne fait pas honneur \u00e0 la figure f\u00e9minine et f\u00e9ministe de la femme scientifique qui n\u2019abandonne jamais.<\/p>\n\n\n\n<p>Occup\u00e9 \u00e0 boire des bi\u00e8res, Thor ignore qu\u2019il court apr\u00e8s sa destin\u00e9e. Au lieu de cela, son combat se r\u00e9sume \u00e0 \u00ab&nbsp;j\u2019aime trop mon fr\u00e8re pour le tuer&nbsp;\u00bb. Morale bien s\u00fbr int\u00e9ressante, mais faiblarde, car les confrontations entre Thor et Loki sont toujours hostiles et sans grande valeur. Il aurait fallu s\u2019inspirer de ce qu\u2019a fait&nbsp;<em>Game of Thrones<\/em>&nbsp;en terme de relation fr\u00e8re \u00e0 fr\u00e8re (s\u00e9rie commenc\u00e9e en 2011). Par ailleurs,&nbsp;<em>Thor 2<\/em>&nbsp;sera dirig\u00e9e par un des r\u00e9alisateurs r\u00e9currents de la s\u00e9rie d\u2019HBO.&nbsp;<\/p>\n\n\n\n<h2 class=\"wp-block-heading\"><span class=\"ez-toc-section\" id=\"Un_final_qui_fait_ploc\"><\/span>Un final qui fait ploc<span class=\"ez-toc-section-end\"><\/span><\/h2>\n\n\n\n<p>Malheureusement, la fin est un peu trop douce. Apr\u00e8s quelques raccourcis et convenances sc\u00e9naristiques, Kenneth Branagh r\u00e9cup\u00e8re les pots cass\u00e9s. Des sc\u00e8nes r\u00e9ussies paraissent noy\u00e9es par trop de pathos du c\u00f4t\u00e9 terrestre. Natalie Portman regardant le ciel d\u2019un air nostalgique n\u2019est pas parvenue \u00e0 m\u2019\u00e9mouvoir.&nbsp;<\/p>\n\n\n\n<p>Globalement, le film reste l\u2019un des plus r\u00e9ussis des d\u00e9buts de Marvel studios dans la strat\u00e9gie de propagande am\u00e9ricaine \u00e0 base de super-h\u00e9ros. L\u00e0 o\u00f9&nbsp;<em>Iron<\/em>&nbsp;<em>Man<\/em>&nbsp;et&nbsp;<em>The Dark Knight<\/em>&nbsp;s\u2019emparent de la question \u00e9pineuse de \u00ab&nbsp;qu\u2019est-ce que l\u2019humanit\u00e9 et qu\u2019est-ce que la soci\u00e9t\u00e9 am\u00e9ricaine face au monde ?&nbsp;\u00bb, eh bien&nbsp;<em>Thor&nbsp;<\/em>ne le fait pas et \u00e9choue en quelque sorte \u00e0 porter un message universel et original.<\/p>\n\n\n\n<p class=\"has-text-align-right\">Sign\u00e9 Tassa<\/p>\n","protected":false},"excerpt":{"rendered":"<p>J\u2019ai revu l\u2019\u00e9pisode 1 de Thor, film de 2011 r\u00e9alis\u00e9 par Kenneth Branagh, et, alors que j\u2019avais d\u00e9j\u00e0 fait sa chronique il y a quelques temps, je me suis dit qu\u2019il fallait que je la refasse. Et apr\u00e8s avoir go\u00fbt\u00e9 aux d\u00e9licieux jeux de mots des tr\u00e8s s\u00e9rieux critiqueurs de Sens Critiques, qui sont \u00e0 se Thor-dre de rire, j\u2019ai commenc\u00e9 \u00e0 r\u00e9diger ma propre recension, avec cette image persistante de Loki aspir\u00e9 dans les t\u00e9n\u00e8bres hors d\u2019Asgard.\u00a0<\/p>\n","protected":false},"author":1,"featured_media":0,"comment_status":"open","ping_status":"closed","sticky":false,"template":"","format":"standard","meta":{"footnotes":""},"categories":[1],"tags":[19,8],"class_list":["post-418","post","type-post","status-publish","format-standard","hentry","category-cinema","tag-cine-t","tag-cinema"],"_links":{"self":[{"href":"https:\/\/tassadanslesmyriades.fr\/index.php?rest_route=\/wp\/v2\/posts\/418","targetHints":{"allow":["GET"]}}],"collection":[{"href":"https:\/\/tassadanslesmyriades.fr\/index.php?rest_route=\/wp\/v2\/posts"}],"about":[{"href":"https:\/\/tassadanslesmyriades.fr\/index.php?rest_route=\/wp\/v2\/types\/post"}],"author":[{"embeddable":true,"href":"https:\/\/tassadanslesmyriades.fr\/index.php?rest_route=\/wp\/v2\/users\/1"}],"replies":[{"embeddable":true,"href":"https:\/\/tassadanslesmyriades.fr\/index.php?rest_route=%2Fwp%2Fv2%2Fcomments&post=418"}],"version-history":[{"count":0,"href":"https:\/\/tassadanslesmyriades.fr\/index.php?rest_route=\/wp\/v2\/posts\/418\/revisions"}],"wp:attachment":[{"href":"https:\/\/tassadanslesmyriades.fr\/index.php?rest_route=%2Fwp%2Fv2%2Fmedia&parent=418"}],"wp:term":[{"taxonomy":"category","embeddable":true,"href":"https:\/\/tassadanslesmyriades.fr\/index.php?rest_route=%2Fwp%2Fv2%2Fcategories&post=418"},{"taxonomy":"post_tag","embeddable":true,"href":"https:\/\/tassadanslesmyriades.fr\/index.php?rest_route=%2Fwp%2Fv2%2Ftags&post=418"}],"curies":[{"name":"wp","href":"https:\/\/api.w.org\/{rel}","templated":true}]}}