{"id":477,"date":"2024-08-14T12:17:32","date_gmt":"2024-08-14T12:17:32","guid":{"rendered":"https:\/\/tassadanslesmyriades.fr\/?p=477"},"modified":"2024-08-14T12:17:32","modified_gmt":"2024-08-14T12:17:32","slug":"la-vie-revee-de-walter-mitty-chronique-2013-cinema-repost","status":"publish","type":"post","link":"https:\/\/tassadanslesmyriades.fr\/?p=477","title":{"rendered":"La Vie r\u00eav\u00e9e de Walter Mitty \u2013 chronique 2013 [cin\u00e9ma] [repost]"},"content":{"rendered":"\n<figure class=\"wp-block-image aligncenter size-large\"><img loading=\"lazy\" decoding=\"async\" width=\"1024\" height=\"1024\" src=\"https:\/\/tassadanslesmyriades.fr\/wp-content\/uploads\/2024\/08\/tassadanslesmyriades-1-9-1024x1024.png\" class=\"wp-image-476\" srcset=\"https:\/\/tassadanslesmyriades.fr\/wp-content\/uploads\/2024\/08\/tassadanslesmyriades-1-9-1024x1024.png 1024w, https:\/\/tassadanslesmyriades.fr\/wp-content\/uploads\/2024\/08\/tassadanslesmyriades-1-9-300x300.png 300w, https:\/\/tassadanslesmyriades.fr\/wp-content\/uploads\/2024\/08\/tassadanslesmyriades-1-9-150x150.png 150w, https:\/\/tassadanslesmyriades.fr\/wp-content\/uploads\/2024\/08\/tassadanslesmyriades-1-9-768x768.png 768w, https:\/\/tassadanslesmyriades.fr\/wp-content\/uploads\/2024\/08\/tassadanslesmyriades-1-9.png 1080w\" sizes=\"auto, (max-width: 1024px) 100vw, 1024px\" \/><figcaption class=\"wp-element-caption\">Affiche du film La vie r\u00eav\u00e9e de Walter Mitty<\/figcaption><\/figure>\n\n\n\n<p class=\"has-text-align-center has-text-align-center\"><a href=\"http:\/\/www.allocine.fr\/film\/fichefilm_gen_cfilm=206710.html\">Voir la bande-annonce de La Vie r\u00eav\u00e9e de Walter Mitty<\/a><\/p>\n\n\n\n<p class=\"has-text-align-center has-text-align-center\">La Vie r\u00eav\u00e9e de Walter Mitty<\/p>\n\n\n\n<p class=\"has-text-align-center\"><em>Date de sortie&nbsp;:&nbsp;1 janvier 2014 (France)<\/em><\/p>\n\n\n\n<p class=\"has-text-align-center\"><em>R\u00e9alisateur&nbsp;:&nbsp;Ben Stiller<\/em><\/p>\n\n\n\n<p class=\"has-text-align-center\"><em>Sc\u00e9nario&nbsp;:&nbsp;Steven Conrad<\/em><\/p>\n\n\n\n<p class=\"has-text-align-center\">Avec: Ben Stiller,&nbsp;Kristen Wiig,&nbsp;Sean Penn<\/p>\n\n\n\n<p><strong>Synposis<\/strong>:<\/p>\n\n\n\n<p>Walter Mitty est un homme ordinaire, enferm\u00e9 dans son quotidien, qui n\u2019ose s\u2019\u00e9vader qu\u2019\u00e0 travers des r\u00eaves \u00e0 la fois dr\u00f4les et extravagants. Mais confront\u00e9 \u00e0 une difficult\u00e9 dans sa vie professionnelle, Walter doit trouver le courage de passer \u00e0 l\u2019action dans le monde r\u00e9el. Il embarque alors dans un p\u00e9riple incroyable, pour vivre une aventure bien plus riche que tout ce qu\u2019il aurait pu imaginer jusqu\u2019ici. Et qui devrait changer sa vie \u00e0 jamais.&nbsp;<\/p>\n\n\n\n<div id=\"ez-toc-container\" class=\"ez-toc-v2_0_82_2 counter-hierarchy ez-toc-counter ez-toc-grey ez-toc-container-direction\">\r\n<div class=\"ez-toc-title-container\">\r\n<p class=\"ez-toc-title\" style=\"cursor:inherit\">Table of Contents<\/p>\r\n<span class=\"ez-toc-title-toggle\"><a href=\"#\" class=\"ez-toc-pull-right ez-toc-btn ez-toc-btn-xs ez-toc-btn-default ez-toc-toggle\" aria-label=\"Toggle Table of Content\"><span class=\"ez-toc-js-icon-con\"><span class=\"\"><span class=\"eztoc-hide\" style=\"display:none;\">Toggle<\/span><span class=\"ez-toc-icon-toggle-span\"><svg style=\"fill: #999;color:#999\" xmlns=\"http:\/\/www.w3.org\/2000\/svg\" class=\"list-377408\" width=\"20px\" height=\"20px\" viewBox=\"0 0 24 24\" fill=\"none\"><path d=\"M6 6H4v2h2V6zm14 0H8v2h12V6zM4 11h2v2H4v-2zm16 0H8v2h12v-2zM4 16h2v2H4v-2zm16 0H8v2h12v-2z\" fill=\"currentColor\"><\/path><\/svg><svg style=\"fill: #999;color:#999\" class=\"arrow-unsorted-368013\" xmlns=\"http:\/\/www.w3.org\/2000\/svg\" width=\"10px\" height=\"10px\" viewBox=\"0 0 24 24\" version=\"1.2\" baseProfile=\"tiny\"><path d=\"M18.2 9.3l-6.2-6.3-6.2 6.3c-.2.2-.3.4-.3.7s.1.5.3.7c.2.2.4.3.7.3h11c.3 0 .5-.1.7-.3.2-.2.3-.5.3-.7s-.1-.5-.3-.7zM5.8 14.7l6.2 6.3 6.2-6.3c.2-.2.3-.5.3-.7s-.1-.5-.3-.7c-.2-.2-.4-.3-.7-.3h-11c-.3 0-.5.1-.7.3-.2.2-.3.5-.3.7s.1.5.3.7z\"\/><\/svg><\/span><\/span><\/span><\/a><\/span><\/div>\r\n<nav><ul class='ez-toc-list ez-toc-list-level-1 ' ><ul class='ez-toc-list-level-3' ><li class='ez-toc-heading-level-3'><a class=\"ez-toc-link ez-toc-heading-1\" href=\"https:\/\/tassadanslesmyriades.fr\/?p=477\/#Ma_critique\" >Ma critique&nbsp;:<\/a><\/li><\/ul><\/li><li class='ez-toc-page-1 ez-toc-heading-level-2'><a class=\"ez-toc-link ez-toc-heading-2\" href=\"https:\/\/tassadanslesmyriades.fr\/?p=477\/#Une_histoire_damour_plus_profonde_quon_ne_le_croit\" >Une histoire d\u2019amour plus profonde qu\u2019on ne le croit<\/a><\/li><li class='ez-toc-page-1 ez-toc-heading-level-2'><a class=\"ez-toc-link ez-toc-heading-3\" href=\"https:\/\/tassadanslesmyriades.fr\/?p=477\/#Mensonge_ou_realite\" >Mensonge ou r\u00e9alit\u00e9<\/a><\/li><li class='ez-toc-page-1 ez-toc-heading-level-2'><a class=\"ez-toc-link ez-toc-heading-4\" href=\"https:\/\/tassadanslesmyriades.fr\/?p=477\/#References_culturelles\" >R\u00e9f\u00e9rences culturelles<\/a><\/li><\/ul><\/nav><\/div>\r\n<h3 class=\"wp-block-heading\"><span class=\"ez-toc-section\" id=\"Ma_critique\"><\/span><strong><u>Ma critique&nbsp;:<\/u><\/strong><span class=\"ez-toc-section-end\"><\/span><\/h3>\n\n\n\n<p>J\u2019ai ador\u00e9 ce film. Je l\u2019ai vu il y&nbsp;a longtemps et revu il y a peu, et je me suis dit que je devais en faire une petite chronique pour d\u00e9crire mon coup de c\u0153ur.<\/p>\n\n\n\n<p>Tout d\u2019abord, si j\u2019ai regard\u00e9 le film, c\u2019est parce que j\u2019aime bien Ben Stiller, car je trouve qu\u2019il a son propre univers, son propre humour et qu\u2019il joue bien malgr\u00e9 son physique qui ne rentre pas dans les cases hollywoodiennes. Je l\u2019avais appr\u00e9ci\u00e9 dans<strong>&nbsp;<\/strong><em><strong>Zoolander<\/strong><\/em><em>&nbsp;<\/em>et&nbsp;<em><strong>Tonnerres sous les tropiques<\/strong><\/em><em>&nbsp;<\/em>qui \u00e9taient de tr\u00e8s bons films. Il est aussi l\u2019acteur culte de&nbsp;<em><strong>Mary&nbsp;\u00e0 tout prix<\/strong><\/em><em>,&nbsp;<\/em><em><strong>Polly et moi<\/strong><\/em>&nbsp;ou encore&nbsp;<em><strong>La Nuit au Mus\u00e9e<\/strong><\/em><em>.<\/em><\/p>\n\n\n\n<p>Dans ce film, il a apport\u00e9 un soin particulier aux d\u00e9tails et cela se voit. D\u2019abord, le sc\u00e9nario est presque parfait. Ce pourrait \u00eatre une petite histoire romantique sans pr\u00e9tention, pourtant l\u2019histoire n\u2019est en rien mi\u00e8vre ni fleur bleue. Le sc\u00e9nario de Steven Conrad fait la part belle \u00e0 la solitude des personnages, celle de Walter, inscrit sur un site de rencontres, celle de Cheryl, m\u00e8re c\u00e9libataire. Chaque personnage est bien trait\u00e9 avec sensibilit\u00e9&nbsp;sans \u00eatre trop caricatural. Le film ne verse pas dans la \u00ab&nbsp;guimauve&nbsp;\u00bb larmoyante, Ben Stiller signe un film o\u00f9 son visage hagard et perdu lui sert d\u2019argument pour interroger la banalit\u00e9. Il est le type \u00ab&nbsp;lambda&nbsp;\u00bb \u00e0 qui la vie ne r\u00e9ussit pas trop\u2026 Il s\u2019inscrit sur un site de rencontres pour pouvoir attirer l\u2019attention d\u2019une coll\u00e8gue et sa vie devient une gigantesque m\u00e9taphore en boucle, cribl\u00e9e de clins d\u2019\u0153il (qu\u2019on pourra juger maladroits ou non, personnellement j\u2019ai ador\u00e9 !). Il travaille ainsi pour une revue qui s\u2019appelle&nbsp;<em>Life<\/em>, la vie.<\/p>\n\n\n\n<h2 class=\"wp-block-heading\"><span class=\"ez-toc-section\" id=\"Une_histoire_damour_plus_profonde_quon_ne_le_croit\"><\/span>Une histoire d\u2019amour plus profonde qu\u2019on ne le croit <span class=\"ez-toc-section-end\"><\/span><\/h2>\n\n\n\n<p>Mais ce film raconte bien plus qu\u2019une histoire d\u2019amour. C\u2019est l\u2019histoire d\u2019une maladresse, d\u2019une timidit\u00e9 peut-\u00eatre, d\u2019un manque d\u2019ambition dans la vie tr\u00e8s s\u00fbrement. Walter Mitty r\u00eave sa vie. Il est toujours dans la lune, t\u00eate en l\u2019air, perdu dans ses pens\u00e9es et le retour \u00e0 la r\u00e9alit\u00e9 est fr\u00e9quemment assez brutal. Les points de vue choisis sont originaux : \u00e0 travers des loupes, des n\u00e9gatifs de photos, des sc\u00e8nes r\u00eav\u00e9es (fantasm\u00e9es aussi), des souvenirs, lors des sc\u00e8nes familiales\u2026<\/p>\n\n\n\n<p>Les instants d\u2019immersion dans la vie r\u00eav\u00e9e de Walter sont inattendus et d\u2019une puissante cr\u00e9ativit\u00e9. Les cascades et effets sp\u00e9ciaux s\u2019int\u00e8grent bien \u00e0 cet univers sage et lisse. Tout d\u2019abord parce qu\u2019ils sont film\u00e9s dans des endroits magnifiques, notamment l\u2019Islande. Et ensuite pour les choix musicaux. Je ne cesse d\u2019\u00eatre hant\u00e9e par la bande son de ce film. D\u2019apparence classique, l\u2019histoire de Walter Mitty empreinte aux diff\u00e9rents genre du cin\u00e9ma, en hommage tr\u00e8s certainement (comme&nbsp;<em>Tonnerre sous les tropiques<\/em>&nbsp;ou&nbsp;<em>La nuit au mus\u00e9e<\/em>&nbsp;le faisaient d\u00e9j\u00e0) \u00e0 des \u0153uvres d\u2019action, de science-fiction et de la com\u00e9die.<\/p>\n\n\n\n<h2 class=\"wp-block-heading\"><span class=\"ez-toc-section\" id=\"Mensonge_ou_realite\"><\/span>Mensonge ou r\u00e9alit\u00e9 <span class=\"ez-toc-section-end\"><\/span><\/h2>\n\n\n\n<p>Le long m\u00e9trage n\u2019est en rien ennuyeux. En effet, la vie r\u00eav\u00e9e de Walter rejoint vite la r\u00e9alit\u00e9, tout en s\u2019enfon\u00e7ant dans le mensonge. Walter finit par \u00eatre entrain\u00e9 dans une aventure r\u00e9elle ou imagin\u00e9e qui va changer sa vie et l\u2019on ne sait jamais tr\u00e8s bien ce qui tient du songe, du fantasme ou de la vraie vie.&nbsp;Cette fronti\u00e8re entre ce qui est vrai et faux ressemble \u00e0 beaucoup d\u2019autres films de ce type dont le tr\u00e8s r\u00e9cent&nbsp;<em>Everything everywhere all at once&nbsp;<\/em>des Daniels, mais en beaucoup plus sage. La mise en sc\u00e8ne est l\u00e9ch\u00e9e et froide et la couleur n\u2019arrive \u00e0 briser cette glace que lorsque Walter s\u2019enfuit dans sa bulle.<\/p>\n\n\n\n<h2 class=\"wp-block-heading\"><span class=\"ez-toc-section\" id=\"References_culturelles\"><\/span>R\u00e9f\u00e9rences culturelles <span class=\"ez-toc-section-end\"><\/span><\/h2>\n\n\n\n<p>C\u2019est aussi l\u2019histoire \u00e9mouvante d\u2019un magazine de reportages qui se meurt, car le monde r\u00e9el, moderne, le rattrape. C\u2019est donc une sorte de satire de la vie moderne que Ben Stiller filme dans ce long m\u00e9trage. Satire aussi d\u2019une vie o\u00f9 l\u2019on arrive plus \u00e0 communiquer, ou seulement au travers d\u2019applications de rencontres en ligne\u2026 Les premi\u00e8res sc\u00e8nes sont \u00e9videmment tr\u00e8s belles, on y entend Ben Stiller \u00eatre interrog\u00e9 sur ce qu\u2019il a fait d\u2019int\u00e9ressant dans sa vie, alors qu\u2019au bureau il est si transparent que la femme qu\u2019il aime ignore totalement qu\u2019il existe.&nbsp;<em>Ground control to major Tom,<\/em>&nbsp;cette chanson de David Bowie r\u00e9sonne encore et encore dans mon esprit. Elle est forc\u00e9ment tr\u00e8s ad\u00e9quate dans ce film qui \u00e9voque un sujet quasi identique : le courage, et moins la m\u00e9taphore du drogu\u00e9 que celui qui veut \u00e9chapper \u00e0 la r\u00e9alit\u00e9 :&nbsp;<\/p>\n\n\n\n<blockquote class=\"wp-block-quote is-layout-flow wp-block-quote-is-layout-flow\">\n<p>Son titre renvoie \u00e0 celui du film de Stanley Kubrick 2001:&nbsp;<em>A<\/em>&nbsp;<em>Space Odyssey<\/em>, sorti l\u2019ann\u00e9e pr\u00e9c\u00e9dente. Elle raconte l\u2019histoire d\u2019un astronaute, le major Tom, sous la forme d\u2019un dialogue entre ce dernier et sa tour de contr\u00f4le. Le d\u00e9collage de son vaisseau se d\u00e9roule \u00e0 merveille, mais le major finit par dispara\u00eetre dans les profondeurs de l\u2019espace. Musicalement, elle se compose de plusieurs sections distinctes et se caract\u00e9rise par l\u2019utilisation du stylophone, un synth\u00e9tiseur miniature, et du mellotron.Wikipedia&nbsp;<\/p>\n<\/blockquote>\n\n\n\n<p>L\u00e0 o\u00f9 tout va trop vite, l\u00e0 o\u00f9 le cin\u00e9ma d\u00e9ploie le tapis rouge \u00e0 la d\u00e9bauche d\u2019effets sp\u00e9ciaux, Ben Stiller signe une petite dram\u00e9die romantique, critique sociale \u00e9mouvante et touchante qui laisse modestement comme un go\u00fbt de voyage et d\u2019aventures, en n\u00e9gatif (hommage \u00e0 la photographie de grand reportage). J\u2019ai appr\u00e9ci\u00e9 la beaut\u00e9 simple des rencontres, des opportunit\u00e9s qu\u2019offre la vie, car si l\u2019on tombe sept fois, l\u2019on se rel\u00e8ve huit.&nbsp;<\/p>\n\n\n\n<p>\u00c0 voir.<\/p>\n\n\n\n<p class=\"has-text-align-right\">Sign\u00e9 Tassa<\/p>\n","protected":false},"excerpt":{"rendered":"<p>J\u2019ai ador\u00e9 ce film <\/p>\n","protected":false},"author":1,"featured_media":0,"comment_status":"open","ping_status":"closed","sticky":false,"template":"","format":"standard","meta":{"footnotes":""},"categories":[1],"tags":[20,8],"class_list":["post-477","post","type-post","status-publish","format-standard","hentry","category-cinema","tag-cine-l","tag-cinema"],"_links":{"self":[{"href":"https:\/\/tassadanslesmyriades.fr\/index.php?rest_route=\/wp\/v2\/posts\/477","targetHints":{"allow":["GET"]}}],"collection":[{"href":"https:\/\/tassadanslesmyriades.fr\/index.php?rest_route=\/wp\/v2\/posts"}],"about":[{"href":"https:\/\/tassadanslesmyriades.fr\/index.php?rest_route=\/wp\/v2\/types\/post"}],"author":[{"embeddable":true,"href":"https:\/\/tassadanslesmyriades.fr\/index.php?rest_route=\/wp\/v2\/users\/1"}],"replies":[{"embeddable":true,"href":"https:\/\/tassadanslesmyriades.fr\/index.php?rest_route=%2Fwp%2Fv2%2Fcomments&post=477"}],"version-history":[{"count":0,"href":"https:\/\/tassadanslesmyriades.fr\/index.php?rest_route=\/wp\/v2\/posts\/477\/revisions"}],"wp:attachment":[{"href":"https:\/\/tassadanslesmyriades.fr\/index.php?rest_route=%2Fwp%2Fv2%2Fmedia&parent=477"}],"wp:term":[{"taxonomy":"category","embeddable":true,"href":"https:\/\/tassadanslesmyriades.fr\/index.php?rest_route=%2Fwp%2Fv2%2Fcategories&post=477"},{"taxonomy":"post_tag","embeddable":true,"href":"https:\/\/tassadanslesmyriades.fr\/index.php?rest_route=%2Fwp%2Fv2%2Ftags&post=477"}],"curies":[{"name":"wp","href":"https:\/\/api.w.org\/{rel}","templated":true}]}}