{"id":569,"date":"2024-08-23T06:24:42","date_gmt":"2024-08-23T06:24:42","guid":{"rendered":"https:\/\/tassadanslesmyriades.fr\/?p=569"},"modified":"2024-08-23T06:24:42","modified_gmt":"2024-08-23T06:24:42","slug":"retro-2024-livre-4-de-sebastian-barry","status":"publish","type":"post","link":"https:\/\/tassadanslesmyriades.fr\/?p=569","title":{"rendered":"R\u00e9tro 2024 : Livre 4 de Sebastian Barry"},"content":{"rendered":"\n<figure class=\"wp-block-image aligncenter size-large\"><img loading=\"lazy\" decoding=\"async\" width=\"933\" height=\"1024\" src=\"https:\/\/tassadanslesmyriades.fr\/wp-content\/uploads\/2024\/08\/img_1523.jpg\" class=\"wp-image-568\" srcset=\"https:\/\/tassadanslesmyriades.fr\/wp-content\/uploads\/2024\/08\/img_1523.jpg 933w, https:\/\/tassadanslesmyriades.fr\/wp-content\/uploads\/2024\/08\/img_1523-273x300.jpg 273w, https:\/\/tassadanslesmyriades.fr\/wp-content\/uploads\/2024\/08\/img_1523-768x843.jpg 768w\" sizes=\"auto, (max-width: 933px) 100vw, 933px\" \/><figcaption class=\"wp-element-caption\">Livre : Le testament cach\u00e9 de S\u00e9bastian Barry<\/figcaption><\/figure>\n\n\n\n<p>Dans le r\u00e9tro de la r\u00e9trospective : un livre, un silence. Un silence un livre. Me voici reconvertie en Fran\u00e7ois Busnel de pacotille.<\/p>\n\n\n\n<p>Regardez, mirez ce livre que j\u2019ai beaucoup aim\u00e9. Paru aux \u00e9ditions @editionsfolio<\/p>\n\n\n\n<p><strong><em>Le testament cach\u00e9&nbsp;<\/em><\/strong>de Sebastian Barry&nbsp;<\/p>\n\n\n\n<p>Si vous voulez une histoire avec un poil d\u2019\u00e9motions et quelque chose avec un poil d\u2019histoire et aussi un poil de joliesses litt\u00e9raires \u2026 alors Sebastian Barry est ce qu\u2019il vous faut.<\/p>\n\n\n\n<p><strong><em>\u00ab&nbsp;Le testament cach\u00e9&nbsp;\u00bb<\/em><\/strong>&nbsp;de S\u00e9bastian Barry offre une fresque intime et historique d\u2019une Irlande encore bless\u00e9e par son pass\u00e9.<\/p>\n\n\n\n<p>Roseanne McNulty, une nonag\u00e9naire intern\u00e9e depuis des d\u00e9cennies dans un asile en Irlande, d\u00e9cide de raconter son histoire. Alors que l\u2019institution o\u00f9 elle vit s\u2019appr\u00eate \u00e0 fermer, elle couche sur papier les souvenirs d\u2019une existence marqu\u00e9e par l\u2019amour, la perte et l\u2019injustice. En parall\u00e8le, le Dr. Grene, charg\u00e9 de son suivi, investit lui aussi les myst\u00e8res de son pass\u00e9.<\/p>\n\n\n\n<p>Ce roman est une exploration sensible de la m\u00e9moire et de l\u2019histoire irlandaise. S\u00e9bastian Barry m\u00eale les r\u00e9cits de Roseanne et du Dr. Grene, r\u00e9v\u00e9lant progressivement des v\u00e9rit\u00e9s et des secrets enfouis avec pudeur et d\u00e9licatesse.<\/p>\n\n\n\n<p>La plume de Barry d\u00e9peint l\u2019Irlande du XXe si\u00e8cle, fresque dans laquelle les personnages, finement cisel\u00e9s dans leur introspection, restent pr\u00e9sents en nous, comme des ombres persistantes. \u00ab&nbsp;<strong><em>Le testament cach\u00e9&nbsp;<\/em><\/strong>\u00bb nous plonge dans la complexit\u00e9 humaine, entre histoire d\u2019amour, histoire familiale. On d\u00e9couvre alors que la vie de Roseanne, une existence difficile par sa condition f\u00e9minine, est intriqu\u00e9e avec celle de la grande histoire d\u2019Irlande, si tragique par bien des aspects.<\/p>\n\n\n\n<p>Vous l\u2019avez lu ?<\/p>\n\n\n\n<p class=\"has-text-align-right\">Sign\u00e9 Tassa <\/p>\n","protected":false},"excerpt":{"rendered":"<p>Dans le r\u00e9tro de la r\u00e9trospective : un livre, un silence. Un silence un livre. Me voici reconvertie en Fran\u00e7ois Busnel de pacotille. Regardez, mirez ce livre que j\u2019ai beaucoup aim\u00e9. Paru aux \u00e9ditions @editionsfolio Le testament cach\u00e9&nbsp;de Sebastian Barry&nbsp; Si vous voulez une histoire avec un poil d\u2019\u00e9motions et quelque chose avec un poil [&hellip;]<\/p>\n","protected":false},"author":1,"featured_media":0,"comment_status":"open","ping_status":"closed","sticky":false,"template":"","format":"standard","meta":{"footnotes":""},"categories":[42],"tags":[55,43],"class_list":["post-569","post","type-post","status-publish","format-standard","hentry","category-livres","tag-litte-l","tag-livre"],"_links":{"self":[{"href":"https:\/\/tassadanslesmyriades.fr\/index.php?rest_route=\/wp\/v2\/posts\/569","targetHints":{"allow":["GET"]}}],"collection":[{"href":"https:\/\/tassadanslesmyriades.fr\/index.php?rest_route=\/wp\/v2\/posts"}],"about":[{"href":"https:\/\/tassadanslesmyriades.fr\/index.php?rest_route=\/wp\/v2\/types\/post"}],"author":[{"embeddable":true,"href":"https:\/\/tassadanslesmyriades.fr\/index.php?rest_route=\/wp\/v2\/users\/1"}],"replies":[{"embeddable":true,"href":"https:\/\/tassadanslesmyriades.fr\/index.php?rest_route=%2Fwp%2Fv2%2Fcomments&post=569"}],"version-history":[{"count":0,"href":"https:\/\/tassadanslesmyriades.fr\/index.php?rest_route=\/wp\/v2\/posts\/569\/revisions"}],"wp:attachment":[{"href":"https:\/\/tassadanslesmyriades.fr\/index.php?rest_route=%2Fwp%2Fv2%2Fmedia&parent=569"}],"wp:term":[{"taxonomy":"category","embeddable":true,"href":"https:\/\/tassadanslesmyriades.fr\/index.php?rest_route=%2Fwp%2Fv2%2Fcategories&post=569"},{"taxonomy":"post_tag","embeddable":true,"href":"https:\/\/tassadanslesmyriades.fr\/index.php?rest_route=%2Fwp%2Fv2%2Ftags&post=569"}],"curies":[{"name":"wp","href":"https:\/\/api.w.org\/{rel}","templated":true}]}}