{"id":644,"date":"2024-08-25T08:51:53","date_gmt":"2024-08-25T08:51:53","guid":{"rendered":"https:\/\/tassadanslesmyriades.fr\/?p=644"},"modified":"2024-08-25T08:56:44","modified_gmt":"2024-08-25T08:56:44","slug":"20240824_dailylog","status":"publish","type":"post","link":"https:\/\/tassadanslesmyriades.fr\/?p=644","title":{"rendered":"20240824_dailylog"},"content":{"rendered":"\n<p>Une date unique en son genre 2024 08 24<\/p>\n\n\n\n<div id=\"ez-toc-container\" class=\"ez-toc-v2_0_82_2 counter-hierarchy ez-toc-counter ez-toc-grey ez-toc-container-direction\">\r\n<div class=\"ez-toc-title-container\">\r\n<p class=\"ez-toc-title\" style=\"cursor:inherit\">Table of Contents<\/p>\r\n<span class=\"ez-toc-title-toggle\"><a href=\"#\" class=\"ez-toc-pull-right ez-toc-btn ez-toc-btn-xs ez-toc-btn-default ez-toc-toggle\" aria-label=\"Toggle Table of Content\"><span class=\"ez-toc-js-icon-con\"><span class=\"\"><span class=\"eztoc-hide\" style=\"display:none;\">Toggle<\/span><span class=\"ez-toc-icon-toggle-span\"><svg style=\"fill: #999;color:#999\" xmlns=\"http:\/\/www.w3.org\/2000\/svg\" class=\"list-377408\" width=\"20px\" height=\"20px\" viewBox=\"0 0 24 24\" fill=\"none\"><path d=\"M6 6H4v2h2V6zm14 0H8v2h12V6zM4 11h2v2H4v-2zm16 0H8v2h12v-2zM4 16h2v2H4v-2zm16 0H8v2h12v-2z\" fill=\"currentColor\"><\/path><\/svg><svg style=\"fill: #999;color:#999\" class=\"arrow-unsorted-368013\" xmlns=\"http:\/\/www.w3.org\/2000\/svg\" width=\"10px\" height=\"10px\" viewBox=\"0 0 24 24\" version=\"1.2\" baseProfile=\"tiny\"><path d=\"M18.2 9.3l-6.2-6.3-6.2 6.3c-.2.2-.3.4-.3.7s.1.5.3.7c.2.2.4.3.7.3h11c.3 0 .5-.1.7-.3.2-.2.3-.5.3-.7s-.1-.5-.3-.7zM5.8 14.7l6.2 6.3 6.2-6.3c.2-.2.3-.5.3-.7s-.1-.5-.3-.7c-.2-.2-.4-.3-.7-.3h-11c-.3 0-.5.1-.7.3-.2.2-.3.5-.3.7s.1.5.3.7z\"\/><\/svg><\/span><\/span><\/span><\/a><\/span><\/div>\r\n<nav><ul class='ez-toc-list ez-toc-list-level-1 ' ><li class='ez-toc-page-1 ez-toc-heading-level-2'><a class=\"ez-toc-link ez-toc-heading-1\" href=\"https:\/\/tassadanslesmyriades.fr\/?p=644\/#oye\" >oy\u00e9<\/a><ul class='ez-toc-list-level-5' ><li class='ez-toc-heading-level-5'><ul class='ez-toc-list-level-5' ><li class='ez-toc-heading-level-5'><ul class='ez-toc-list-level-5' ><li class='ez-toc-heading-level-5'><a class=\"ez-toc-link ez-toc-heading-2\" href=\"https:\/\/tassadanslesmyriades.fr\/?p=644\/#Je_me_suis_fait_une_reflexion\" >Je me suis fait une r\u00e9flexion :<\/a><\/li><\/ul><\/li><\/ul><\/li><\/ul><\/li><li class='ez-toc-page-1 ez-toc-heading-level-2'><a class=\"ez-toc-link ez-toc-heading-3\" href=\"https:\/\/tassadanslesmyriades.fr\/?p=644\/#jai_vu\" >j\u2019ai vu<\/a><\/li><li class='ez-toc-page-1 ez-toc-heading-level-2'><a class=\"ez-toc-link ez-toc-heading-4\" href=\"https:\/\/tassadanslesmyriades.fr\/?p=644\/#sites_interessants\" >sites int\u00e9ressants<\/a><ul class='ez-toc-list-level-3' ><li class='ez-toc-heading-level-3'><a class=\"ez-toc-link ez-toc-heading-5\" href=\"https:\/\/tassadanslesmyriades.fr\/?p=644\/#Articles\" >Articles :<\/a><\/li><\/ul><\/li><li class='ez-toc-page-1 ez-toc-heading-level-2'><a class=\"ez-toc-link ez-toc-heading-6\" href=\"https:\/\/tassadanslesmyriades.fr\/?p=644\/#jai_ecrit\" >j\u2019ai \u00e9crit :<\/a><\/li><li class='ez-toc-page-1 ez-toc-heading-level-2'><a class=\"ez-toc-link ez-toc-heading-7\" href=\"https:\/\/tassadanslesmyriades.fr\/?p=644\/#Mastodon\" >Mastodon<\/a><\/li><\/ul><\/nav><\/div>\r\n<h2 class=\"wp-block-heading\"><span class=\"ez-toc-section\" id=\"oye\"><\/span>oy\u00e9<span class=\"ez-toc-section-end\"><\/span><\/h2>\n\n\n\n<p>Pas grand chose \u00e0 dire.<br \/>Aujourd\u2019hui, on a \u00e9t\u00e9 voir <strong><em>Moi, Moche et M\u00e9chant 4 <\/em><\/strong>au cin\u00e9ma et c\u2019\u00e9tait mignon et en m\u00eame temps je comprends que les gens se soient lass\u00e9s, car c\u2019est devenu plan-plan, mais en m\u00eame temps les <strong>Minions<\/strong> sont mignons et Poppy est trop rigolote. Les cafards, un peu moins ouf, toutefois c\u2019est toujours aussi beau et riche visuellement.&nbsp;On a beaucoup ri ! Comme des enfants. <\/p>\n\n\n\n<p>Sinon : <\/p>\n\n\n\n<h5 class=\"wp-block-heading\"><span class=\"ez-toc-section\" id=\"Je_me_suis_fait_une_reflexion\"><\/span>Je me suis fait une r\u00e9flexion :<span class=\"ez-toc-section-end\"><\/span><\/h5>\n\n\n\n<p><strong><em>Liste des t\u00e9l\u00e9phones que j\u2019ai eus :<\/em><\/strong><\/p>\n\n\n\n<figure class=\"wp-block-image aligncenter size-medium\"><img loading=\"lazy\" decoding=\"async\" width=\"196\" height=\"300\" src=\"https:\/\/tassadanslesmyriades.fr\/wp-content\/uploads\/2024\/08\/img_1589-1-196x300.jpg\" alt=\"\" class=\"wp-image-639\" srcset=\"https:\/\/tassadanslesmyriades.fr\/wp-content\/uploads\/2024\/08\/img_1589-1-196x300.jpg 196w, https:\/\/tassadanslesmyriades.fr\/wp-content\/uploads\/2024\/08\/img_1589-1-670x1024.jpg 670w, https:\/\/tassadanslesmyriades.fr\/wp-content\/uploads\/2024\/08\/img_1589-1.jpg 720w\" sizes=\"auto, (max-width: 196px) 100vw, 196px\" \/><figcaption class=\"wp-element-caption\">Photo sous droits d\u2019auteur : <a href=\"https:\/\/www.gsmchoice.com\/fr\/catalogue\/nokia\/5300\/galerie\/#1\">GSMchoice<\/a> <\/figcaption><\/figure>\n\n\n\n<figure class=\"wp-block-image aligncenter size-medium\"><img loading=\"lazy\" decoding=\"async\" width=\"165\" height=\"300\" src=\"https:\/\/tassadanslesmyriades.fr\/wp-content\/uploads\/2024\/08\/img_1595-165x300.jpg\" alt=\"\" class=\"wp-image-642\" srcset=\"https:\/\/tassadanslesmyriades.fr\/wp-content\/uploads\/2024\/08\/img_1595-165x300.jpg 165w, https:\/\/tassadanslesmyriades.fr\/wp-content\/uploads\/2024\/08\/img_1595.jpg 550w\" sizes=\"auto, (max-width: 165px) 100vw, 165px\" \/><figcaption class=\"wp-element-caption\">\u00a9 <a href=\"https:\/\/www.flipkart.com\/htc-tattoo-silver-grey-512-mb\/p\/itmczbmngqj7ct5s\">Flipkart<\/a><\/figcaption><\/figure>\n\n\n\n<figure class=\"wp-block-image aligncenter size-medium\"><img loading=\"lazy\" decoding=\"async\" width=\"300\" height=\"267\" src=\"https:\/\/tassadanslesmyriades.fr\/wp-content\/uploads\/2024\/08\/img_1593-300x267.jpg\" alt=\"\" class=\"wp-image-641\" srcset=\"https:\/\/tassadanslesmyriades.fr\/wp-content\/uploads\/2024\/08\/img_1593-300x267.jpg 300w, https:\/\/tassadanslesmyriades.fr\/wp-content\/uploads\/2024\/08\/img_1593.jpg 450w\" sizes=\"auto, (max-width: 300px) 100vw, 300px\" \/><figcaption class=\"wp-element-caption\">\u00a9 les <a href=\"https:\/\/www.lesnumeriques.com\/ordinateur-portable\/samsung-ativ-smart-pc-500t1c-p14685.html\">num\u00e9riques<\/a> <\/figcaption><\/figure>\n\n\n\n<ol class=\"wp-block-list\">\n<li>Mon premier t\u00e9l\u00e9phone \u00e0 clapet LG avec le petit miroir vers mes 11-12 ans avec des cartes pr\u00e9pay\u00e9es&nbsp;<\/li>\n\n\n\n<li>T\u00e9l\u00e9phone Nokia 5300 rouge au coll\u00e8ge&nbsp;<\/li>\n\n\n\n<li>BlackBerry Curve en 2009 renvoy\u00e9 imm\u00e9diatement car je n\u2019ai pas aim\u00e9&nbsp;<\/li>\n\n\n\n<li>HTC Tattoo (2009) au bac&nbsp;<\/li>\n\n\n\n<li>iPhone 3GS vers 2012<\/li>\n\n\n\n<li>Samsung Galaxy Note 4 vers 2014<\/li>\n\n\n\n<li>Samsung galaxy s6 edge 2015 revendu rapidement car pas terrible (pas de carte SD, bug d\u2019\u00e9cran et mauvaise batterie), je suis retourn\u00e9e au Note 3, puis la batterie est morte&nbsp;(apr\u00e8s 3 achats de nouvelles batteries)<\/li>\n\n\n\n<li>Ensuite ici il y a un vide d\u2019espace temps dans ma vie et je ne sais plus du tout.&nbsp;<\/li>\n\n\n\n<li>Samsung A52 en 2021<\/li>\n\n\n\n<li>iPhone 13 Pro Max d\u2019occasion fin 2022 pour partir en Espagne&nbsp;<\/li>\n<\/ol>\n\n\n\n<p><strong><em>Liste des tablettes que j\u2019ai eues<\/em><\/strong><\/p>\n\n\n\n<ol class=\"wp-block-list\">\n<li>la premi\u00e8re tablette que j\u2019ai eue c\u2019est le Palm Tx en 2005 (c\u2019\u00e9tait trop trop bien, ma vie a chang\u00e9, il faut que je fasse un article \u00e0 ce sujet)<\/li>\n\n\n\n<li>la tablette offerte par la fac (Archos ?)<\/li>\n\n\n\n<li>MacBook blanc entre-temps apr\u00e8s le Toshiba du coll\u00e8ge. Il m\u2019a tenu de la premi\u00e8re jusqu\u2019\u00e0 2012<\/li>\n\n\n\n<li>la tablette ordinateur (Samsung Ativ) autour de 2012<\/li>\n\n\n\n<li>Un ordinateur portable Asus, parce que je me suis lev\u00e9e un matin et j\u2019ai march\u00e9 sur l\u2019ancien ordinateur qui est mort alors que je l\u2019adorais. Aucun magasin de r\u00e9paration n\u2019a voulu me le r\u00e9parer. Eh oui c\u2019\u00e9tait le d\u00e9but de la non r\u00e9parabilit\u00e9 et moi j\u2019ignorais tout.&nbsp;<\/li>\n\n\n\n<li>Entre temps j\u2019ai eu un MacBook Air 2014 qui me suffisait<\/li>\n\n\n\n<li>La tablette ordinateur Surface Pro que j\u2019ai depuis 2019 (j\u2019en ai eu trois \u00e0 la suite, car 2 sont mortes, une en surchauffe et une dans l\u2019avion). Je les ai achet\u00e9 parce que j\u2019utilise le stylet et qu\u2019\u00e0 cause de mon handicap, pour voyager partout j\u2019ai besoin d\u2019un ordinateur Windows tr\u00e8s tr\u00e8s l\u00e9ger mais capable.<\/li>\n\n\n\n<li>L\u2019iPad pro achet\u00e9 d\u2019occasion en 2019 (?)<\/li>\n<\/ol>\n\n\n\n<figure class=\"wp-block-image aligncenter size-medium\"><img loading=\"lazy\" decoding=\"async\" width=\"300\" height=\"225\" src=\"https:\/\/tassadanslesmyriades.fr\/wp-content\/uploads\/2024\/08\/img_1594-1-300x225.jpg\" alt=\"\" class=\"wp-image-643\" srcset=\"https:\/\/tassadanslesmyriades.fr\/wp-content\/uploads\/2024\/08\/img_1594-1-300x225.jpg 300w, https:\/\/tassadanslesmyriades.fr\/wp-content\/uploads\/2024\/08\/img_1594-1-1024x768.jpg 1024w, https:\/\/tassadanslesmyriades.fr\/wp-content\/uploads\/2024\/08\/img_1594-1-768x576.jpg 768w, https:\/\/tassadanslesmyriades.fr\/wp-content\/uploads\/2024\/08\/img_1594-1.jpg 1152w\" sizes=\"auto, (max-width: 300px) 100vw, 300px\" \/><figcaption class=\"wp-element-caption\">No machine-readable author provided. Museo8bits assumed (based on copyright claims). &#8211; <a href=\"https:\/\/en.m.wikipedia.org\/wiki\/Palm_(PDA)#\/media\/File%3APalm_TX.JPG\">Wikipedia<\/a> &#8211; <a href=\"https:\/\/commons.wikimedia.org\/wiki\/File:Palm_TX.JPG#mw-jump-to-license\">CC BY-SA 3.0<\/a><\/figcaption><\/figure>\n\n\n\n<p>Depuis, j\u2019ai :<\/p>\n\n\n\n<ul class=\"wp-block-list has-list-bullet\">\n<li>fait exploser mon MacBook blanc en 2020<\/li>\n\n\n\n<li>Install\u00e9 Linux sur mon Asus<\/li>\n\n\n\n<li>install\u00e9 Linux sur mon MacBook Air (en partition 50\/50)<\/li>\n\n\n\n<li>J\u2019utilise tout le temps mon iPad Pro&nbsp;<\/li>\n\n\n\n<li>J\u2019\u00e9cris ma th\u00e8se et je joue sur ma surface pro +&nbsp;<\/li>\n<\/ul>\n\n\n\n<p>\u00c0 cause de ces plus 16 appareils, sans parler des choses autour comme&nbsp;<\/p>\n\n\n\n<ol class=\"wp-block-list\">\n<li>un iPod nano<\/li>\n\n\n\n<li>Un iPod classic&nbsp;<\/li>\n\n\n\n<li>Des appareils photos num\u00e9riques (j\u2019en ai eu 2, un revendu, c\u2019\u00e9tait un reflex num\u00e9rique Canon semi pro, et un que j\u2019ai toujours et que j\u2019utilise)<\/li>\n<\/ol>\n\n\n\n<p>Je dois dire que mon empreinte carbone de geek est IGNOBLE. Je vais donc r\u00e9citer dix fois une pri\u00e8re par jour pour exorciser le mal que j\u2019ai pu faire sur cette plan\u00e8te. \ud83e\ude90&nbsp;<\/p>\n\n\n\n<h2 class=\"wp-block-heading\"><span class=\"ez-toc-section\" id=\"jai_vu\"><\/span>j\u2019ai vu<span class=\"ez-toc-section-end\"><\/span><\/h2>\n\n\n\n<ul class=\"wp-block-list has-list-bullet\">\n<li>WordPress soutenant le Fediverse&nbsp;<a class=\"external-link\" href=\"https:\/\/youtu.be\/QzYozbNneVc?si=poMdp2BfqVSCJpMlz\" target=\"_blank\" rel=\"noreferrer noopener\">https:\/\/youtu.be\/QzYozbNneVc?si=poMdp2BfqVSCJpMlz<\/a><\/li>\n\n\n\n<li>La playlist WordPress&nbsp;<a class=\"external-link\" href=\"https:\/\/youtube.com\/playlist?list=PL6nDc7ACvovJMt8MEiebpsXnlBuKp158j&amp;si=ldWUp8hPhXIy8jDu\" target=\"_blank\" rel=\"noreferrer noopener\">https:\/\/youtube.com\/playlist?list=PL6nDc7ACvovJMt8MEiebpsXnlBuKp158j&amp;si=ldWUp8hPhXIy8jDu<\/a><\/li>\n\n\n\n<li>Second Life&nbsp;<a class=\"external-link\" href=\"https:\/\/youtu.be\/dPm9zKQPpXk?si=vpojnvJH0XHkg7LG\" target=\"_blank\" rel=\"noreferrer noopener\">https:\/\/youtu.be\/dPm9zKQPpXk?si=vpojnvJH0XHkg7LG<\/a><\/li>\n\n\n\n<li>A Mastodon Guide to the Fediverse by an Artist :&nbsp;<a class=\"external-link\" href=\"https:\/\/youtu.be\/5C7UM7JWjxM?si=yBM69AubpQpT84Xg\" target=\"_blank\" rel=\"noreferrer noopener\">https:\/\/youtu.be\/5C7UM7JWjxM?si=yBM69AubpQpT84Xg<\/a><\/li>\n\n\n\n<li>Nikola r\u00e9act\u2019 :&nbsp;<a class=\"external-link\" href=\"https:\/\/youtu.be\/QpXcCFGigPA?si=qQ-yUvHIF8e4DwWD\" target=\"_blank\" rel=\"noreferrer noopener\">https:\/\/youtu.be\/QpXcCFGigPA?si=qQ-yUvHIF8e4DwWD<\/a><\/li>\n\n\n\n<li>Fediverse :&nbsp;<a class=\"external-link\" href=\"https:\/\/youtu.be\/R3ptZ1W-FRA?si=Wwx56xELzDZaMcd5\" target=\"_blank\" rel=\"noreferrer noopener\">https:\/\/youtu.be\/R3ptZ1W-FRA?si=Wwx56xELzDZaMcd5<\/a><\/li>\n<\/ul>\n\n\n\n<h2 class=\"wp-block-heading\"><span class=\"ez-toc-section\" id=\"sites_interessants\"><\/span>sites int\u00e9ressants<span class=\"ez-toc-section-end\"><\/span><\/h2>\n\n\n\n<ul class=\"wp-block-list has-list-bullet\">\n<li>conversation reddit :&nbsp;<a class=\"external-link\" href=\"https:\/\/www.reddit.com\/r\/selfhosted\/s\/JTa04Kn8Bb\" target=\"_blank\" rel=\"noreferrer noopener\">https:\/\/www.reddit.com\/r\/selfhosted\/s\/JTa04Kn8Bb<\/a><\/li>\n<\/ul>\n\n\n\n<h3 class=\"wp-block-heading\"><span class=\"ez-toc-section\" id=\"Articles\"><\/span>Articles :<span class=\"ez-toc-section-end\"><\/span><\/h3>\n\n\n\n<ul class=\"wp-block-list has-list-bullet\">\n<li>la Gigafactory de Tesla en Allemagne \u00e0 Berlin&nbsp;<a class=\"external-link\" href=\"https:\/\/www.humanite.fr\/monde\/allemagne\/tesla-dans-lenfer-politique-et-social-de-la-gigafactory-a-berlin\" target=\"_blank\" rel=\"noreferrer noopener\">https:\/\/www.humanite.fr\/monde\/allemagne\/tesla-dans-lenfer-politique-et-social-de-la-gigafactory-a-berlin<\/a><\/li>\n<\/ul>\n\n\n\n<h2 class=\"wp-block-heading\"><span class=\"ez-toc-section\" id=\"jai_ecrit\"><\/span>j\u2019ai \u00e9crit :<span class=\"ez-toc-section-end\"><\/span><\/h2>\n\n\n\n<ul class=\"wp-block-list has-list-bullet\">\n<li>liste des Cha\u00eenes Peertube :&nbsp;<a class=\"external-link\" href=\"https:\/\/tassadanslesmyriades.fr\/?p=626\" target=\"_blank\" rel=\"noreferrer noopener\">https:\/\/tassadanslesmyriades.fr\/?p=626<\/a><\/li>\n\n\n\n<li>J\u2019ai r\u00e9\u00e9crit&nbsp;<a class=\"external-link\" href=\"https:\/\/tassadanslesmyriades.fr\/?p=638\" target=\"_blank\" rel=\"noreferrer noopener\">https:\/\/tassadanslesmyriades.fr\/?p=638<\/a><\/li>\n<\/ul>\n\n\n\n<h2 class=\"wp-block-heading\"><span class=\"ez-toc-section\" id=\"Mastodon\"><\/span>Mastodon<span class=\"ez-toc-section-end\"><\/span><\/h2>\n\n\n\n<p>J\u2019ai re\u00e7u de super conseils comme :<\/p>\n\n\n\n<blockquote class=\"wp-block-quote is-layout-flow wp-block-quote-is-layout-flow\">\n<p>Thread Mastodon :<br \/>De :&nbsp;<a rel=\"noreferrer noopener\" class=\"external-link\" href=\"https:\/\/corneill.es\/@cedre\" target=\"_blank\"><strong><br \/>C\u00e8dre<\/strong><br \/><em>cedre@corneill.es<\/em><\/a><br \/><a rel=\"noreferrer noopener\" class=\"external-link\" href=\"https:\/\/piaille.fr\/@tassadanslesmyriades\" target=\"_blank\">@tassadanslesmyriades<\/a>&nbsp;il y aura sans doutes des trucs que tu auras d\u00e9j\u00e0 lu, mais ce qui me vient en SF (pas le genre que je lis le plus):<\/p>\n<\/blockquote>\n\n\n\n<ul class=\"wp-block-list has-list-bullet\">\n<li>Une femme au bord du temps, Marge Piercy (qui est un ouvrage f\u00e9ministe, et antipsychiatrie, quelque chose de rare, et de vraiment de bien)<\/li>\n\n\n\n<li>Nous sommes la poussi\u00e8re, Plume D. Serves (de la SF antivalidiste, vraiment sympa)<\/li>\n\n\n\n<li>Gid\u00e9on la neuvi\u00e8me, Tamsyn Muir (honn\u00eatement, \u00e7a ressemble plus \u00e0 de la fantasy qu&rsquo;\u00e0 de la SF m\u00eame s&rsquo;il y a des vaisseau spatiaux, ce premier tome est bizarre, dr\u00f4le, un peu d\u00e9routant)<\/li>\n\n\n\n<li>Les livres de Nina Allan (mon pr\u00e9f\u00e9r\u00e9 c&rsquo;est Conquest, son dernier, qui est un polar-SF, mais j&rsquo;ai aussi beaucoup aim\u00e9 Complications, un recueil de nouvelles dont les nouvelles se r\u00e9pondent les unes aux autres)<\/li>\n\n\n\n<li>L&rsquo;incivilit\u00e9 des fant\u00f4mes, Rivers Solomon<br \/>en fantasy:<\/li>\n\n\n\n<li>La tour de garde Guillaume Chamanadjian (Capitale du Sud) et Claire Duviver (Capitale du Nord), 6 tomes en tout<\/li>\n\n\n\n<li>Les archives des collines chantantes, Nghi Vo, 4 tomes qui peuvent se lire ind\u00e9pendamment les uns des autres (plein d&rsquo;animaux, assez proche du conte)<\/li>\n\n\n\n<li>Justine Niogret (fantasy, SF, roman noir selon ce que veux)<\/li>\n<\/ul>\n\n\n\n<blockquote class=\"wp-block-quote is-layout-flow wp-block-quote-is-layout-flow\">\n<p>en polars, que je pourrais raccrocher \u00e0 Vargas:<\/p>\n<\/blockquote>\n\n\n\n<ul class=\"wp-block-list has-list-bullet\">\n<li>J&rsquo;ai toujours aim\u00e9 la nuit, Patrick Chamoiseau (si ce que tu aimes c&rsquo;est le c\u00f4t\u00e9 \u00e9rudit et l&rsquo;attention au style, Chamoiseau \u00e9crit tellement mais tellement bien)<\/li>\n\n\n\n<li>La daronne, Hannelore Cayre (pour l&rsquo;humour)<br \/>en essais, on ne lit pas les m\u00eames choses et je ne suis pas tr\u00e8s mangas<\/li>\n<\/ul>\n","protected":false},"excerpt":{"rendered":"<p>Une date unique en son genre 2024 08 24 oy\u00e9 Pas grand chose \u00e0 dire.Aujourd\u2019hui, on a \u00e9t\u00e9 voir Moi, Moche et M\u00e9chant 4 au cin\u00e9ma et c\u2019\u00e9tait mignon et en m\u00eame temps je comprends que les gens se soient lass\u00e9s, car c\u2019est devenu plan-plan, mais en m\u00eame temps les Minions sont mignons et Poppy [&hellip;]<\/p>\n","protected":false},"author":1,"featured_media":0,"comment_status":"open","ping_status":"closed","sticky":false,"template":"","format":"standard","meta":{"footnotes":""},"categories":[11,4],"tags":[12,10],"class_list":["post-644","post","type-post","status-publish","format-standard","hentry","category-daily-logs","category-edito","tag-billet-quotidien","tag-tech"],"_links":{"self":[{"href":"https:\/\/tassadanslesmyriades.fr\/index.php?rest_route=\/wp\/v2\/posts\/644","targetHints":{"allow":["GET"]}}],"collection":[{"href":"https:\/\/tassadanslesmyriades.fr\/index.php?rest_route=\/wp\/v2\/posts"}],"about":[{"href":"https:\/\/tassadanslesmyriades.fr\/index.php?rest_route=\/wp\/v2\/types\/post"}],"author":[{"embeddable":true,"href":"https:\/\/tassadanslesmyriades.fr\/index.php?rest_route=\/wp\/v2\/users\/1"}],"replies":[{"embeddable":true,"href":"https:\/\/tassadanslesmyriades.fr\/index.php?rest_route=%2Fwp%2Fv2%2Fcomments&post=644"}],"version-history":[{"count":4,"href":"https:\/\/tassadanslesmyriades.fr\/index.php?rest_route=\/wp\/v2\/posts\/644\/revisions"}],"predecessor-version":[{"id":648,"href":"https:\/\/tassadanslesmyriades.fr\/index.php?rest_route=\/wp\/v2\/posts\/644\/revisions\/648"}],"wp:attachment":[{"href":"https:\/\/tassadanslesmyriades.fr\/index.php?rest_route=%2Fwp%2Fv2%2Fmedia&parent=644"}],"wp:term":[{"taxonomy":"category","embeddable":true,"href":"https:\/\/tassadanslesmyriades.fr\/index.php?rest_route=%2Fwp%2Fv2%2Fcategories&post=644"},{"taxonomy":"post_tag","embeddable":true,"href":"https:\/\/tassadanslesmyriades.fr\/index.php?rest_route=%2Fwp%2Fv2%2Ftags&post=644"}],"curies":[{"name":"wp","href":"https:\/\/api.w.org\/{rel}","templated":true}]}}