{"id":700,"date":"2024-08-26T15:10:42","date_gmt":"2024-08-26T15:10:42","guid":{"rendered":"https:\/\/tassadanslesmyriades.fr\/?p=700"},"modified":"2024-08-26T15:19:13","modified_gmt":"2024-08-26T15:19:13","slug":"20240825_dailylog","status":"publish","type":"post","link":"https:\/\/tassadanslesmyriades.fr\/?p=700","title":{"rendered":"20240825_dailylog"},"content":{"rendered":"\n<div id=\"ez-toc-container\" class=\"ez-toc-v2_0_82_2 counter-hierarchy ez-toc-counter ez-toc-grey ez-toc-container-direction\">\r\n<div class=\"ez-toc-title-container\">\r\n<p class=\"ez-toc-title\" style=\"cursor:inherit\">Table of Contents<\/p>\r\n<span class=\"ez-toc-title-toggle\"><a href=\"#\" class=\"ez-toc-pull-right ez-toc-btn ez-toc-btn-xs ez-toc-btn-default ez-toc-toggle\" aria-label=\"Toggle Table of Content\"><span class=\"ez-toc-js-icon-con\"><span class=\"\"><span class=\"eztoc-hide\" style=\"display:none;\">Toggle<\/span><span class=\"ez-toc-icon-toggle-span\"><svg style=\"fill: #999;color:#999\" xmlns=\"http:\/\/www.w3.org\/2000\/svg\" class=\"list-377408\" width=\"20px\" height=\"20px\" viewBox=\"0 0 24 24\" fill=\"none\"><path d=\"M6 6H4v2h2V6zm14 0H8v2h12V6zM4 11h2v2H4v-2zm16 0H8v2h12v-2zM4 16h2v2H4v-2zm16 0H8v2h12v-2z\" fill=\"currentColor\"><\/path><\/svg><svg style=\"fill: #999;color:#999\" class=\"arrow-unsorted-368013\" xmlns=\"http:\/\/www.w3.org\/2000\/svg\" width=\"10px\" height=\"10px\" viewBox=\"0 0 24 24\" version=\"1.2\" baseProfile=\"tiny\"><path d=\"M18.2 9.3l-6.2-6.3-6.2 6.3c-.2.2-.3.4-.3.7s.1.5.3.7c.2.2.4.3.7.3h11c.3 0 .5-.1.7-.3.2-.2.3-.5.3-.7s-.1-.5-.3-.7zM5.8 14.7l6.2 6.3 6.2-6.3c.2-.2.3-.5.3-.7s-.1-.5-.3-.7c-.2-.2-.4-.3-.7-.3h-11c-.3 0-.5.1-.7.3-.2.2-.3.5-.3.7s.1.5.3.7z\"\/><\/svg><\/span><\/span><\/span><\/a><\/span><\/div>\r\n<nav><ul class='ez-toc-list ez-toc-list-level-1 ' ><li class='ez-toc-page-1 ez-toc-heading-level-2'><a class=\"ez-toc-link ez-toc-heading-1\" href=\"https:\/\/tassadanslesmyriades.fr\/?p=700\/#Euh_he_Alt_text\" >Euh h\u00e9 : Alt text<\/a><\/li><li class='ez-toc-page-1 ez-toc-heading-level-2'><a class=\"ez-toc-link ez-toc-heading-2\" href=\"https:\/\/tassadanslesmyriades.fr\/?p=700\/#he_ho\" >h\u00e9 ho<\/a><\/li><li class='ez-toc-page-1 ez-toc-heading-level-2'><a class=\"ez-toc-link ez-toc-heading-3\" href=\"https:\/\/tassadanslesmyriades.fr\/?p=700\/#jai_vu\" >j\u2019ai vu<\/a><\/li><li class='ez-toc-page-1 ez-toc-heading-level-2'><a class=\"ez-toc-link ez-toc-heading-4\" href=\"https:\/\/tassadanslesmyriades.fr\/?p=700\/#liste_de_sites_web_blog_Gemini_Gopher\" >liste de sites web \/ blog \/ Gemini &amp; Gopher<\/a><\/li><\/ul><\/nav><\/div>\r\n<h2 class=\"wp-block-heading\"><span class=\"ez-toc-section\" id=\"Euh_he_Alt_text\"><\/span>Euh h\u00e9 : Alt text<span class=\"ez-toc-section-end\"><\/span><\/h2>\n\n\n\n<p>J\u2019ai lu un truc sur l\u2019impact des clients pour Fediverse sur l\u2019utilisation des balises Alt (text) lors de la publication d\u2019images ou de vid\u00e9os. Et j\u2019ai \u00e9t\u00e9 surprise. C\u2019est vrai que les gens font des efforts alors que sur Instagram &#8211; litt\u00e9ralement &#8211; personne ne le fait. J\u2019avais pourtant post\u00e9 une vid\u00e9o \u00e0 ce sujet sur \u00c9thique Sph\u00e8re. Sachant que, moi-m\u00eame sur Instagram je ne faisais pas toujours l\u2019effort de poster des Alt Text riches et utiles : tout simplement parce que l\u2019interface d\u2019Instagram n\u2019est pas fait pour \u00e7a. Je vous montre :<\/p>\n\n\n\n<p>Vid\u00e9o :&nbsp;<\/p>\n\n\n\n<figure class=\"wp-block-video\"><video height=\"1670\" style=\"aspect-ratio: 888 \/ 1670;\" width=\"888\" controls src=\"https:\/\/tassadanslesmyriades.fr\/wp-content\/uploads\/2024\/08\/rpreplay_final1724684584.mp4\"><\/video><figcaption class=\"wp-element-caption\">Cette vid\u00e9o montre comme je navigue dans Instagram pour parcourir les \u00e9tapes qui m\u00e8nent jusqu\u2019\u00e0 l\u2019option Texte Alternatif, depuis la s\u00e9lection de l\u2019image jusqu\u2019\u00e0, quelques dix clics plus tard, la fonctionnalit\u00e9 \u00ab&nbsp;param\u00e8tres avanc\u00e9s&nbsp;\u00bb en tout bas du menu principal, et encore tout en bas des param\u00e8tres avanc\u00e9s, la case \u00ab&nbsp;texte alternatif&nbsp;\u00bb. <\/figcaption><\/figure>\n\n\n\n<p>En fait, dans ma capture d\u2019\u00e9cran vid\u00e9o, on voit que l\u2019\u00e9tape pour \u00e9crire le texte alternatif est cach\u00e9e et lointaine &#8211; tout en bas du menu des param\u00e8tres avanc\u00e9s &#8211; param\u00e8tres qui ne sont jamais utilis\u00e9s par personne. Il faut donc environ 10 clics sans compter la l\u00e9gende et les filtres de votre image avant d\u2019arriver \u00e0 la possibilit\u00e9 d\u2019ajouter des Textes Alternatifs qui ont pour utilit\u00e9 de :<\/p>\n\n\n\n<ol class=\"wp-block-list\">\n<li>informer les personnes qui ont un mauvais r\u00e9seau de ce que votre image contient si elles n\u2019arrivent pas \u00e0 charger le contenu.&nbsp;<\/li>\n\n\n\n<li>lire \u00e0 voix haute le texte alternatif pour les personnes malvoyantes et non voyantes dans le but de les informer sur le contenu de l\u2019image en question avec une description assez pouss\u00e9e.&nbsp;<\/li>\n<\/ol>\n\n\n\n<p>L\u2019article en question est ici :&nbsp;<a class=\"external-link\" href=\"https:\/\/stefanbohacek.com\/blog\/impact-of-fediverse-clients-on-the-use-of-alt-text\/\" target=\"_blank\" rel=\"noreferrer noopener\">https:\/\/stefanbohacek.com\/blog\/impact-of-fediverse-clients-on-the-use-of-alt-text\/<\/a><\/p>\n\n\n\n<p>Alors que sur Phanpy et sur le Fediverse en g\u00e9n\u00e9ral :<\/p>\n\n\n\n<figure class=\"wp-block-image aligncenter size-large\"><img loading=\"lazy\" decoding=\"async\" width=\"1024\" height=\"904\" src=\"https:\/\/tassadanslesmyriades.fr\/wp-content\/uploads\/2024\/08\/img_1630-1-1024x904.jpg\" alt=\"C\u2019est beaucoup plus simple d\u2019ins\u00e9rer le texte alternatif car comme on le voit sur l\u2019image, le texte alternatif est \u00e0 ins\u00e9rer en premier lieu dans l\u2019interface utilisateur et non pas dans une obscure option de param\u00e8tres avanc\u00e9s cach\u00e9s dix clics plus tard. Moins de friction et de fraction de l\u2019attention.   \u200b\" class=\"wp-image-701\" srcset=\"https:\/\/tassadanslesmyriades.fr\/wp-content\/uploads\/2024\/08\/img_1630-1-1024x904.jpg 1024w, https:\/\/tassadanslesmyriades.fr\/wp-content\/uploads\/2024\/08\/img_1630-1-300x265.jpg 300w, https:\/\/tassadanslesmyriades.fr\/wp-content\/uploads\/2024\/08\/img_1630-1-768x678.jpg 768w, https:\/\/tassadanslesmyriades.fr\/wp-content\/uploads\/2024\/08\/img_1630-1.jpg 1284w\" sizes=\"auto, (max-width: 1024px) 100vw, 1024px\" \/><figcaption class=\"wp-element-caption\">C\u2019est beaucoup plus simple d\u2019ins\u00e9rer le texte alternatif car comme on le voit sur l\u2019image, le texte alternatif est \u00e0 ins\u00e9rer en premier lieu dans l\u2019interface utilisateur et non pas dans une obscure option de param\u00e8tres avanc\u00e9s cach\u00e9s dix clics plus tard. Moins de friction et de fraction de l\u2019attention.   <\/figcaption><\/figure>\n\n\n\n<h2 class=\"wp-block-heading\"><span class=\"ez-toc-section\" id=\"he_ho\"><\/span>h\u00e9 ho<span class=\"ez-toc-section-end\"><\/span><\/h2>\n\n\n\n<p>Sinon, je suis malade. Enfin j\u2019crois. Enfin j\u2019vais mal quoi. Rendez-moi mon moi qui va bien svp. J\u2019ai r\u00e9pondu \u00e0 deux mails pour le travail et je n\u2019ai pas avanc\u00e9 sur mes deux&nbsp;<em>side projects<\/em>&nbsp;ni sur mon boulot.&nbsp;<\/p>\n\n\n\n<h2 class=\"wp-block-heading\"><span class=\"ez-toc-section\" id=\"jai_vu\"><\/span>j\u2019ai vu<span class=\"ez-toc-section-end\"><\/span><\/h2>\n\n\n\n<ul class=\"wp-block-list has-list-bullet\">\n<li>Tiktok is ruining Travel :&nbsp;<a class=\"external-link\" href=\"https:\/\/youtu.be\/4mp1G_buHkA?si=GTcXoLmrbZfpS1oU\" target=\"_blank\" rel=\"noreferrer noopener\">https:\/\/youtu.be\/4mp1G_buHkA?si=GTcXoLmrbZfpS1oU<\/a><\/li>\n\n\n\n<li>About gopher and gemini protocols :&nbsp;<a class=\"external-link\" href=\"https:\/\/youtu.be\/I2Q35uFCq8Q?si=wd1w4fR9NV42FrPG\" target=\"_blank\" rel=\"noreferrer noopener\">https:\/\/youtu.be\/I2Q35uFCq8Q?si=wd1w4fR9NV42FrPG<\/a><\/li>\n<\/ul>\n\n\n\n<h2 class=\"wp-block-heading\"><span class=\"ez-toc-section\" id=\"liste_de_sites_web_blog_Gemini_Gopher\"><\/span>liste de sites web \/ blog \/ Gemini &amp; Gopher<span class=\"ez-toc-section-end\"><\/span><\/h2>\n\n\n\n<p>Merci aux personnes sur Mastodon qui m\u2019ont aid\u00e9 \u00e0 trouver des blogs int\u00e9ressants \ud83d\ude2d je suis tr\u00e8s heureux\u2022se !&nbsp;<\/p>\n\n\n\n<ul class=\"wp-block-list has-list-bullet\">\n<li><a class=\"external-link\" href=\"https:\/\/occ.deadnet.se\/about\/\" target=\"_blank\" rel=\"noreferrer noopener\">https:\/\/occ.deadnet.se\/about\/<\/a><\/li>\n\n\n\n<li><a class=\"external-link\" href=\"https:\/\/portal.mozz.us\/gopher\/occ.deadnet.se\/1\/users\" target=\"_blank\" rel=\"noreferrer noopener\">https:\/\/portal.mozz.us\/gopher\/occ.deadnet.se\/1\/users<\/a><\/li>\n\n\n\n<li><a class=\"external-link\" href=\"https:\/\/gmi.skyjake.fi\/lagrange\/\" target=\"_blank\" rel=\"noreferrer noopener\">https:\/\/gmi.skyjake.fi\/lagrange\/<\/a><\/li>\n\n\n\n<li><a class=\"external-link\" href=\"https:\/\/gemlog.blue\/\" target=\"_blank\" rel=\"noreferrer noopener\">https:\/\/gemlog.blue\/<\/a><\/li>\n\n\n\n<li>=&gt; ..\/ Back to Home<\/li>\n\n\n\n<li>gemini:\/\/mediocregopher.com\/feed-reader\/<\/li>\n\n\n\n<li>gemini:\/\/nytpu.com\/feed.gmi<\/li>\n\n\n\n<li>gemini:\/\/calcuode.com\/gmisub-aggregate.gmi<\/li>\n\n\n\n<li>gemini:\/\/gemini.conman.org\/boston\/2024\/08\/22.1<\/li>\n\n\n\n<li>gemini:\/\/warmedal.se\/~antenna\/<\/li>\n\n\n\n<li>gemini:\/\/geminifr.bacardi55.io\/<\/li>\n\n\n\n<li>gemini:\/\/gemi.dev\/stargate.gmi<\/li>\n\n\n\n<li>my gemlog : gemini:\/\/gemlog.blue\/users\/Tassadanslesmyriades\/<\/li>\n\n\n\n<li>gopher:\/\/dataswamp.org:70\/1\/~solene\/article-old-computer-challenge-v4-announce<\/li>\n\n\n\n<li>gemini:\/\/skyjake.fi\/fonts\/<\/li>\n\n\n\n<li>gemini:\/\/nytpu.com\/subscriptions.gmi<\/li>\n\n\n\n<li>gemini:\/\/gemini.ctrl-c.club\/~tjp\/wr\/navigating-gemini.gmi<\/li>\n\n\n\n<li>gemini:\/\/lasse.nerdcamp.net\/<\/li>\n\n\n\n<li><a class=\"external-link\" href=\"https:\/\/renkotsuban.com\/blog.html\" target=\"_blank\" rel=\"noreferrer noopener\">https:\/\/renkotsuban.com\/blog.html<\/a><\/li>\n<\/ul>\n","protected":false},"excerpt":{"rendered":"<p>Euh h\u00e9 : Alt text J\u2019ai lu un truc sur l\u2019impact des clients pour Fediverse sur l\u2019utilisation des balises Alt (text) lors de la publication d\u2019images ou de vid\u00e9os. Et j\u2019ai \u00e9t\u00e9 surprise. C\u2019est vrai que les gens font des efforts alors que sur Instagram &#8211; litt\u00e9ralement &#8211; personne ne le fait. J\u2019avais pourtant post\u00e9 [&hellip;]<\/p>\n","protected":false},"author":1,"featured_media":0,"comment_status":"open","ping_status":"closed","sticky":false,"template":"","format":"standard","meta":{"footnotes":""},"categories":[11],"tags":[12],"class_list":["post-700","post","type-post","status-publish","format-standard","hentry","category-daily-logs","tag-billet-quotidien"],"_links":{"self":[{"href":"https:\/\/tassadanslesmyriades.fr\/index.php?rest_route=\/wp\/v2\/posts\/700","targetHints":{"allow":["GET"]}}],"collection":[{"href":"https:\/\/tassadanslesmyriades.fr\/index.php?rest_route=\/wp\/v2\/posts"}],"about":[{"href":"https:\/\/tassadanslesmyriades.fr\/index.php?rest_route=\/wp\/v2\/types\/post"}],"author":[{"embeddable":true,"href":"https:\/\/tassadanslesmyriades.fr\/index.php?rest_route=\/wp\/v2\/users\/1"}],"replies":[{"embeddable":true,"href":"https:\/\/tassadanslesmyriades.fr\/index.php?rest_route=%2Fwp%2Fv2%2Fcomments&post=700"}],"version-history":[{"count":1,"href":"https:\/\/tassadanslesmyriades.fr\/index.php?rest_route=\/wp\/v2\/posts\/700\/revisions"}],"predecessor-version":[{"id":702,"href":"https:\/\/tassadanslesmyriades.fr\/index.php?rest_route=\/wp\/v2\/posts\/700\/revisions\/702"}],"wp:attachment":[{"href":"https:\/\/tassadanslesmyriades.fr\/index.php?rest_route=%2Fwp%2Fv2%2Fmedia&parent=700"}],"wp:term":[{"taxonomy":"category","embeddable":true,"href":"https:\/\/tassadanslesmyriades.fr\/index.php?rest_route=%2Fwp%2Fv2%2Fcategories&post=700"},{"taxonomy":"post_tag","embeddable":true,"href":"https:\/\/tassadanslesmyriades.fr\/index.php?rest_route=%2Fwp%2Fv2%2Ftags&post=700"}],"curies":[{"name":"wp","href":"https:\/\/api.w.org\/{rel}","templated":true}]}}