{"id":750,"date":"2024-08-29T18:07:27","date_gmt":"2024-08-29T18:07:27","guid":{"rendered":"https:\/\/tassadanslesmyriades.fr\/?p=750"},"modified":"2024-08-29T18:14:45","modified_gmt":"2024-08-29T18:14:45","slug":"202408_archives-de-mes-tweets","status":"publish","type":"post","link":"https:\/\/tassadanslesmyriades.fr\/?p=750","title":{"rendered":"202408_Archives de mes tweets &#8211; page 1"},"content":{"rendered":"\n<p>Ici j\u2019archive mes tweets marquants. <\/p>\n\n\n\n<hr class=\"wp-block-separator has-alpha-channel-opacity\"\/>\n\n\n\n<p><a class=\"css-1jxf684 r-bcqeeo r-1ttztb7 r-qvutc0 r-poiln3 r-xoduu5 r-1q142lx r-1w6e6rj r-9aw3ui r-3s2u2q r-1loqt21\" href=\"https:\/\/x.com\/HistoryChroniq\/status\/1816491119636885842\"><time datetime=\"2024-07-25T15:10:06.000Z\">5:10 PM \u00b7 25 juil. 2024<\/time><\/a> 83 vues<\/p>\n\n\n\n<p>Un \u00e9t\u00e9 de r\u00e9daction intense. Entrecoup\u00e9 de petites notices, dont les Br\u00e8ves de racine, sur mon carnet de recherche Hypoth\u00e8ses : <a class=\"css-1jxf684 r-bcqeeo r-1ttztb7 r-qvutc0 r-poiln3 r-1loqt21\" href=\"https:\/\/t.co\/uHlju17vYn\" target=\"_blank\" rel=\"noreferrer noopener\">https:\/\/histoiresnat.hypotheses.org<\/a> Dans lequel j\u2019accumule des petites notes. Graines sem\u00e9es ici et l\u00e0. Pour plus tard.<\/p>\n\n\n\n<figure class=\"wp-block-image aligncenter size-large\"><img loading=\"lazy\" decoding=\"async\" width=\"705\" height=\"1024\" src=\"https:\/\/tassadanslesmyriades.fr\/wp-content\/uploads\/2024\/08\/img_1655-1-705x1024.jpg\" alt=\"\" class=\"wp-image-751\" srcset=\"https:\/\/tassadanslesmyriades.fr\/wp-content\/uploads\/2024\/08\/img_1655-1-705x1024.jpg 705w, https:\/\/tassadanslesmyriades.fr\/wp-content\/uploads\/2024\/08\/img_1655-1-207x300.jpg 207w, https:\/\/tassadanslesmyriades.fr\/wp-content\/uploads\/2024\/08\/img_1655-1-768x1115.jpg 768w, https:\/\/tassadanslesmyriades.fr\/wp-content\/uploads\/2024\/08\/img_1655-1-1058x1536.jpg 1058w, https:\/\/tassadanslesmyriades.fr\/wp-content\/uploads\/2024\/08\/img_1655-1.jpg 1284w\" sizes=\"auto, (max-width: 705px) 100vw, 705px\" \/><figcaption class=\"wp-element-caption\">Page du carnet de recherche, blog Hypoth\u00e8ses &#8211; sur l\u2019image, on voit le titre, le serpent-Racine, la gentiane jaune ainsi qu\u2019un extrait d\u2019un vieux Manuscrit du Moyen \u00c2ge avec le dessin d\u2019une racine de gentiane et d\u2019un serpent<\/figcaption><\/figure>\n\n\n\n<p>Cela me manquait de les publier \u2026<\/p>\n\n\n\n<hr class=\"wp-block-separator has-alpha-channel-opacity\"\/>\n\n\n\n<p><a class=\"css-1jxf684 r-bcqeeo r-1ttztb7 r-qvutc0 r-poiln3 r-xoduu5 r-1q142lx r-1w6e6rj r-9aw3ui r-3s2u2q r-1loqt21\" href=\"https:\/\/x.com\/HistoryChroniq\/status\/1811357423036239945\"><time datetime=\"2024-07-11T11:10:37.000Z\">1:10 PM \u00b7 11 juil. 2024<\/time><\/a> 203 vues<\/p>\n\n\n\n<p>Notre fiert\u00e9 collective ce mois-ci : \u00c9thique sph\u00e8re a fait para\u00eetre son premier num\u00e9ro de Lisi\u00e8res Webzine ici &gt;&gt;&gt; <a class=\"css-1jxf684 r-bcqeeo r-1ttztb7 r-qvutc0 r-poiln3 r-1loqt21\" href=\"https:\/\/t.co\/30th7vPF5W\" target=\"_blank\" rel=\"noreferrer noopener\">http:\/\/lisiereswebzine.com\/lisiereswebzine-n1<\/a> <\/p>\n\n\n\n<figure class=\"wp-block-image aligncenter size-large\"><img loading=\"lazy\" decoding=\"async\" width=\"860\" height=\"1024\" src=\"https:\/\/tassadanslesmyriades.fr\/wp-content\/uploads\/2024\/08\/img_1656-1-860x1024.jpg\" alt=\"\" class=\"wp-image-752\" srcset=\"https:\/\/tassadanslesmyriades.fr\/wp-content\/uploads\/2024\/08\/img_1656-1-860x1024.jpg 860w, https:\/\/tassadanslesmyriades.fr\/wp-content\/uploads\/2024\/08\/img_1656-1-252x300.jpg 252w, https:\/\/tassadanslesmyriades.fr\/wp-content\/uploads\/2024\/08\/img_1656-1-768x914.jpg 768w, https:\/\/tassadanslesmyriades.fr\/wp-content\/uploads\/2024\/08\/img_1656-1-1290x1536.jpg 1290w, https:\/\/tassadanslesmyriades.fr\/wp-content\/uploads\/2024\/08\/img_1656-1.jpg 1680w\" sizes=\"auto, (max-width: 860px) 100vw, 860px\" \/><figcaption class=\"wp-element-caption\">Couverture du magazine Lisi\u00e8res Webzine avec l\u2019illustration d\u2019Isabelle Chak<\/figcaption><\/figure>\n\n\n\n<p>Jetez-y un coup d\u2019\u0153il et si vous souhaitez nous aider ou participer aux prochains num\u00e9ros, \u00e9crivez-nous ! <a class=\"css-1jxf684 r-bcqeeo r-1ttztb7 r-qvutc0 r-poiln3 r-1loqt21\" href=\"https:\/\/x.com\/hashtag\/webzine?src=hashtag_click\">#webzine<\/a><a class=\"css-1jxf684 r-bcqeeo r-1ttztb7 r-qvutc0 r-poiln3 r-1loqt21\" href=\"https:\/\/x.com\/hashtag\/revueenligne?src=hashtag_click\">#revueenligne<\/a><a class=\"css-1jxf684 r-bcqeeo r-1ttztb7 r-qvutc0 r-poiln3 r-1loqt21\" href=\"https:\/\/x.com\/hashtag\/magazine?src=hashtag_click\">#magazine<\/a><\/p>\n\n\n\n<hr class=\"wp-block-separator has-alpha-channel-opacity\"\/>\n\n\n\n<p>France Culture a tweet\u00e9 \\ <a class=\"css-1jxf684 r-bcqeeo r-1ttztb7 r-qvutc0 r-poiln3 r-xoduu5 r-1q142lx r-1w6e6rj r-9aw3ui r-3s2u2q r-1loqt21\" href=\"https:\/\/x.com\/franceculture\/status\/1803669222867849224\"><time datetime=\"2024-06-20T06:00:27.000Z\">8:00 AM \u00b7 20 juin 2024<\/time><\/a> 12,9&nbsp;k vues<\/p>\n\n\n\n<p>Avec son \u00ab\u00a0Histoire des Plantes\u00a0\u00bb en 1542, il m\u00e9lange science et art pour cr\u00e9er l&rsquo;herbier ultime.<\/p>\n\n\n\n<p class=\"has-text-align-center\"><a href=\"https:\/\/www.radiofrance.fr\/franceculture\/podcasts\/sciences-chrono\/histoire-des-plantes-un-herbier-pour-les-trier-toutes-7975954?at_campaign=Twitter&amp;at_medium=Social_media\">https:\/\/www.radiofrance.fr\/franceculture\/podcasts\/sciences-chrono\/histoire-des-plantes-un-herbier-pour-les-trier-toutes-7975954?at_campaign=Twitter&amp;at_medium=Social_media<\/a><\/p>\n\n\n\n<figure class=\"wp-block-image aligncenter size-large\"><img loading=\"lazy\" decoding=\"async\" width=\"819\" height=\"1024\" src=\"https:\/\/tassadanslesmyriades.fr\/wp-content\/uploads\/2024\/08\/img_1657-1-1-819x1024.jpg\" alt=\"\" class=\"wp-image-754\" srcset=\"https:\/\/tassadanslesmyriades.fr\/wp-content\/uploads\/2024\/08\/img_1657-1-1-819x1024.jpg 819w, https:\/\/tassadanslesmyriades.fr\/wp-content\/uploads\/2024\/08\/img_1657-1-1-240x300.jpg 240w, https:\/\/tassadanslesmyriades.fr\/wp-content\/uploads\/2024\/08\/img_1657-1-1-768x960.jpg 768w, https:\/\/tassadanslesmyriades.fr\/wp-content\/uploads\/2024\/08\/img_1657-1-1.jpg 1080w\" sizes=\"auto, (max-width: 819px) 100vw, 819px\" \/><figcaption class=\"wp-element-caption\">Image du botaniste du XVIe si\u00e8cle Leonhart Fuchs et du titre \u00ab&nbsp;Leonhart Fuchs un des p\u00e8res fondateurs de la botanique moderne&nbsp;\u00bb avec \u00e9crit \u00ab&nbsp;histoire des sciences&nbsp;\u00bb pour mettre en avant un podcast France Culture auquel j\u2019ai particip\u00e9.<\/figcaption><\/figure>\n\n\n\n<hr class=\"wp-block-separator has-alpha-channel-opacity\"\/>\n\n\n\n<p><a class=\"css-1jxf684 r-bcqeeo r-1ttztb7 r-qvutc0 r-poiln3 r-xoduu5 r-1q142lx r-1w6e6rj r-9aw3ui r-3s2u2q r-1loqt21\" href=\"https:\/\/x.com\/HistoryChroniq\/status\/1802611937991176428\"><time datetime=\"2024-06-17T07:59:11.000Z\">9:59 AM \u00b7 17 juin 2024<\/time><\/a> 197 vues<\/p>\n\n\n\n<p>Le projet collectif de Lisi\u00e8res Webzine avance \u00e0 grands pas. Un num\u00e9ro ISSN a \u00e9t\u00e9 attribu\u00e9 3038-6071 et il sera publi\u00e9 ici : <a class=\"css-1jxf684 r-bcqeeo r-1ttztb7 r-qvutc0 r-poiln3 r-1loqt21\" href=\"https:\/\/t.co\/XwzrD6WPRj\" target=\"_blank\" rel=\"noreferrer noopener\">http:\/\/lisiereswebzine.com<\/a> Ce projet perso nous a amen\u00e9s \u00e0 la cr\u00e9ation d\u2019un 1er num\u00e9ro en cours de publication, qui portera sur le sujet de l\u2019 \u00ab&nbsp;eau&nbsp;\u00bb.<\/p>\n\n\n\n<figure class=\"wp-block-image aligncenter size-large\"><img loading=\"lazy\" decoding=\"async\" width=\"1024\" height=\"1024\" src=\"https:\/\/tassadanslesmyriades.fr\/wp-content\/uploads\/2024\/08\/img_1658-1-1024x1024.jpg\" alt=\"\" class=\"wp-image-756\" title=\"Fl\u00e8che vers la droite\" srcset=\"https:\/\/tassadanslesmyriades.fr\/wp-content\/uploads\/2024\/08\/img_1658-1-1024x1024.jpg 1024w, https:\/\/tassadanslesmyriades.fr\/wp-content\/uploads\/2024\/08\/img_1658-1-300x300.jpg 300w, https:\/\/tassadanslesmyriades.fr\/wp-content\/uploads\/2024\/08\/img_1658-1-150x150.jpg 150w, https:\/\/tassadanslesmyriades.fr\/wp-content\/uploads\/2024\/08\/img_1658-1-768x768.jpg 768w, https:\/\/tassadanslesmyriades.fr\/wp-content\/uploads\/2024\/08\/img_1658-1.jpg 1080w\" sizes=\"auto, (max-width: 1024px) 100vw, 1024px\" \/><figcaption class=\"wp-element-caption\">Sur cette photo on voit la couverture du magazine Lisi\u00e8res Webzine avec l\u2019illustration d\u2019Isabelle Chak et un smartphone qui affiche le site web du Webzine avec \u00e9galement le num\u00e9ro ISSN. <\/figcaption><\/figure>\n\n\n\n<p>Contactez-nous \u00e0 lisiereswebzine@gmail.com pour participer aux prochains num\u00e9ros dont les th\u00e8mes seront \u00e0 d\u00e9terminer par sondage. Nous cherchons : des personnes \u00e9crivant, des po\u00e8tes, des artistes, des \u00e9tudiant\u2022es, des chercheur\u2022ses, des b\u00e9n\u00e9voles pour faire, aider, relire.<\/p>\n\n\n\n<hr class=\"wp-block-separator has-alpha-channel-opacity\"\/>\n\n\n\n<p><a class=\"css-1jxf684 r-bcqeeo r-1ttztb7 r-qvutc0 r-poiln3 r-xoduu5 r-1q142lx r-1w6e6rj r-9aw3ui r-3s2u2q r-1loqt21\" href=\"https:\/\/x.com\/HistoryChroniq\/status\/1801996119104197102\"><time datetime=\"2024-06-15T15:12:08.000Z\">5:12 PM \u00b7 15 juin 2024<\/time><\/a> 953 vues<\/p>\n\n\n\n<p>Merci beaucoup pour l\u2019invitation, un plaisir de venir d\u00e9couvrir les coulisses de <a class=\"css-1jxf684 r-bcqeeo r-1ttztb7 r-qvutc0 r-poiln3 r-1loqt21\" href=\"https:\/\/x.com\/franceculture\">@franceculture<\/a> pour parler de ma passion pour Fuchs<\/p>\n\n\n\n<figure class=\"wp-block-image size-large\"><img loading=\"lazy\" decoding=\"async\" width=\"613\" height=\"1024\" src=\"https:\/\/tassadanslesmyriades.fr\/wp-content\/uploads\/2024\/08\/img_1659-1-613x1024.jpg\" alt=\"\" class=\"wp-image-757\" title=\"Herbe\" srcset=\"https:\/\/tassadanslesmyriades.fr\/wp-content\/uploads\/2024\/08\/img_1659-1-613x1024.jpg 613w, https:\/\/tassadanslesmyriades.fr\/wp-content\/uploads\/2024\/08\/img_1659-1-180x300.jpg 180w, https:\/\/tassadanslesmyriades.fr\/wp-content\/uploads\/2024\/08\/img_1659-1-768x1282.jpg 768w, https:\/\/tassadanslesmyriades.fr\/wp-content\/uploads\/2024\/08\/img_1659-1-920x1536.jpg 920w, https:\/\/tassadanslesmyriades.fr\/wp-content\/uploads\/2024\/08\/img_1659-1.jpg 1198w\" sizes=\"auto, (max-width: 613px) 100vw, 613px\" \/><figcaption class=\"wp-element-caption\">Ce tweet d\u2019Antoine Beauchamp dit : RDV \u00e0 16H30 sur <a class=\"css-1jxf684 r-bcqeeo r-1ttztb7 r-qvutc0 r-poiln3 r-1loqt21\" href=\"https:\/\/x.com\/franceculture\">@franceculture<\/a><br \/>Aujourd&rsquo;hui dans <a class=\"css-1jxf684 r-bcqeeo r-1ttztb7 r-qvutc0 r-poiln3 r-1loqt21\" href=\"https:\/\/x.com\/hashtag\/SciencesChrono?src=hashtag_click\">#SciencesChrono<\/a> on parle d&rsquo;un tournant dans l&rsquo;Histoire de la <a class=\"css-1jxf684 r-bcqeeo r-1ttztb7 r-qvutc0 r-poiln3 r-1loqt21\" href=\"https:\/\/x.com\/hashtag\/botanique?src=hashtag_click\">#botanique<\/a> avec le livre (sublime) \u00ab\u00a0L&rsquo;Histoire des plantes\u00a0\u00bb de Leonhart Fuchs paru en 1542. Avec Tassanee Alleau <a class=\"css-1jxf684 r-bcqeeo r-1ttztb7 r-qvutc0 r-poiln3 r-1loqt21\" href=\"https:\/\/x.com\/HistoryChroniq\">@HistoryChroniq<\/a><br \/><a class=\"css-1jxf684 r-bcqeeo r-1ttztb7 r-qvutc0 r-poiln3 r-1loqt21\" href=\"https:\/\/x.com\/CESR_Tours\">@CESR_Tours<\/a><br \/><a href=\"https:\/\/www.radiofrance.fr\/franceculture\/podcasts\/sciences-chrono\">https:\/\/www.radiofrance.fr\/franceculture\/podcasts\/sciences-chrono<\/a><\/figcaption><\/figure>\n\n\n\n<hr class=\"wp-block-separator has-alpha-channel-opacity\"\/>\n\n\n\n<p><a class=\"css-1jxf684 r-bcqeeo r-1ttztb7 r-qvutc0 r-poiln3 r-xoduu5 r-1q142lx r-1w6e6rj r-9aw3ui r-3s2u2q r-1loqt21\" href=\"https:\/\/x.com\/HistoryChroniq\/status\/1795837124136353854\"><time datetime=\"2024-05-29T15:18:30.000Z\">5:18 PM \u00b7 29 mai 2024<\/time><\/a> 340 vues<\/p>\n\n\n\n<p>Bravo \u00e0 l\u2019ADCESR et aux organisateurs et organisatrices de cette journ\u00e9e des doctorants au <a class=\"css-1jxf684 r-bcqeeo r-1ttztb7 r-qvutc0 r-poiln3 r-1loqt21\" href=\"https:\/\/x.com\/CESR_Tours\">@CESR_Tours<\/a> aujourd\u2019hui. Mon carnet est encore plein de notes \u00e9parses que j\u2019ai prises avec des sujets passionnants.<\/p>\n\n\n\n<figure class=\"wp-block-gallery has-nested-images columns-default is-cropped wp-block-gallery-1 is-layout-flex wp-block-gallery-is-layout-flex\">\n<figure class=\"wp-block-image size-large\"><img loading=\"lazy\" decoding=\"async\" width=\"701\" height=\"1024\" data-id=\"760\" src=\"https:\/\/tassadanslesmyriades.fr\/wp-content\/uploads\/2024\/08\/img_1660-1-701x1024.jpg\" alt=\"\" class=\"wp-image-760\" srcset=\"https:\/\/tassadanslesmyriades.fr\/wp-content\/uploads\/2024\/08\/img_1660-1-701x1024.jpg 701w, https:\/\/tassadanslesmyriades.fr\/wp-content\/uploads\/2024\/08\/img_1660-1-205x300.jpg 205w, https:\/\/tassadanslesmyriades.fr\/wp-content\/uploads\/2024\/08\/img_1660-1-768x1122.jpg 768w, https:\/\/tassadanslesmyriades.fr\/wp-content\/uploads\/2024\/08\/img_1660-1-1051x1536.jpg 1051w, https:\/\/tassadanslesmyriades.fr\/wp-content\/uploads\/2024\/08\/img_1660-1.jpg 1284w\" sizes=\"auto, (max-width: 701px) 100vw, 701px\" \/><figcaption class=\"wp-element-caption\">Images : le livret de programme de la journ\u00e9e des doctorants de l\u2019ADCESR du Centre d\u2019\u00e9tudes sup\u00e9rieures de la Renaissance <\/figcaption><\/figure>\n\n\n\n<figure class=\"wp-block-image size-large\"><img loading=\"lazy\" decoding=\"async\" width=\"768\" height=\"1024\" data-id=\"759\" src=\"https:\/\/tassadanslesmyriades.fr\/wp-content\/uploads\/2024\/08\/img_1661-1-768x1024.jpg\" alt=\"\" class=\"wp-image-759\" srcset=\"https:\/\/tassadanslesmyriades.fr\/wp-content\/uploads\/2024\/08\/img_1661-1-768x1024.jpg 768w, https:\/\/tassadanslesmyriades.fr\/wp-content\/uploads\/2024\/08\/img_1661-1-225x300.jpg 225w, https:\/\/tassadanslesmyriades.fr\/wp-content\/uploads\/2024\/08\/img_1661-1-1152x1536.jpg 1152w, https:\/\/tassadanslesmyriades.fr\/wp-content\/uploads\/2024\/08\/img_1661-1.jpg 1500w\" sizes=\"auto, (max-width: 768px) 100vw, 768px\" \/><figcaption class=\"wp-element-caption\">Photographie du tableau interactif pendant la conf\u00e9rence <\/figcaption><\/figure>\n\n\n\n<figure class=\"wp-block-image size-large\"><img loading=\"lazy\" decoding=\"async\" width=\"1024\" height=\"768\" data-id=\"758\" src=\"https:\/\/tassadanslesmyriades.fr\/wp-content\/uploads\/2024\/08\/img_1662-1-1024x768.jpg\" alt=\"\" class=\"wp-image-758\" srcset=\"https:\/\/tassadanslesmyriades.fr\/wp-content\/uploads\/2024\/08\/img_1662-1-1024x768.jpg 1024w, https:\/\/tassadanslesmyriades.fr\/wp-content\/uploads\/2024\/08\/img_1662-1-300x225.jpg 300w, https:\/\/tassadanslesmyriades.fr\/wp-content\/uploads\/2024\/08\/img_1662-1-768x576.jpg 768w, https:\/\/tassadanslesmyriades.fr\/wp-content\/uploads\/2024\/08\/img_1662-1-1536x1152.jpg 1536w, https:\/\/tassadanslesmyriades.fr\/wp-content\/uploads\/2024\/08\/img_1662-1.jpg 2000w\" sizes=\"auto, (max-width: 1024px) 100vw, 1024px\" \/><figcaption class=\"wp-element-caption\">Photographie du public de doctorants et d\u2019enseignants pendant la conf\u00e9rence de l\u2019ADCESR<\/figcaption><\/figure>\n<\/figure>\n\n\n\n<hr class=\"wp-block-separator has-alpha-channel-opacity\"\/>\n\n\n\n<p><a class=\"css-1jxf684 r-bcqeeo r-1ttztb7 r-qvutc0 r-poiln3 r-xoduu5 r-1q142lx r-1w6e6rj r-9aw3ui r-3s2u2q r-1loqt21\" href=\"https:\/\/x.com\/HistoryChroniq\/status\/1795414615553089618\"><time datetime=\"2024-05-28T11:19:36.000Z\">1:19 PM \u00b7 28 mai 2024<\/time><\/a> 146 vues<\/p>\n\n\n\n<p>Arles en quelques photos. Souvenirs du symposium Histoire environnementale : Plaisir de recroiser plein de personnes et d\u2019en rencontrer de nouvelles <\/p>\n\n\n\n<figure class=\"wp-block-gallery has-nested-images columns-default is-cropped wp-block-gallery-2 is-layout-flex wp-block-gallery-is-layout-flex\">\n<figure class=\"wp-block-image size-large\"><img loading=\"lazy\" decoding=\"async\" width=\"768\" height=\"1024\" data-id=\"763\" src=\"https:\/\/tassadanslesmyriades.fr\/wp-content\/uploads\/2024\/08\/img_1663-1-768x1024.jpg\" alt=\"\" class=\"wp-image-763\" srcset=\"https:\/\/tassadanslesmyriades.fr\/wp-content\/uploads\/2024\/08\/img_1663-1-768x1024.jpg 768w, https:\/\/tassadanslesmyriades.fr\/wp-content\/uploads\/2024\/08\/img_1663-1-225x300.jpg 225w, https:\/\/tassadanslesmyriades.fr\/wp-content\/uploads\/2024\/08\/img_1663-1-1152x1536.jpg 1152w, https:\/\/tassadanslesmyriades.fr\/wp-content\/uploads\/2024\/08\/img_1663-1.jpg 1500w\" sizes=\"auto, (max-width: 768px) 100vw, 768px\" \/><figcaption class=\"wp-element-caption\">Images du centre d\u2019art contemporain d\u2019Arles et de la conf\u00e9rence au symposium d\u2019histoire environnementale de Samir Boumediene <\/figcaption><\/figure>\n\n\n\n<figure class=\"wp-block-image size-large\"><img loading=\"lazy\" decoding=\"async\" width=\"768\" height=\"1024\" data-id=\"762\" src=\"https:\/\/tassadanslesmyriades.fr\/wp-content\/uploads\/2024\/08\/img_1664-1-768x1024.jpg\" alt=\"\" class=\"wp-image-762\" srcset=\"https:\/\/tassadanslesmyriades.fr\/wp-content\/uploads\/2024\/08\/img_1664-1-768x1024.jpg 768w, https:\/\/tassadanslesmyriades.fr\/wp-content\/uploads\/2024\/08\/img_1664-1-225x300.jpg 225w, https:\/\/tassadanslesmyriades.fr\/wp-content\/uploads\/2024\/08\/img_1664-1-1152x1536.jpg 1152w, https:\/\/tassadanslesmyriades.fr\/wp-content\/uploads\/2024\/08\/img_1664-1.jpg 1500w\" sizes=\"auto, (max-width: 768px) 100vw, 768px\" \/><\/figure>\n\n\n\n<figure class=\"wp-block-image size-large\"><img loading=\"lazy\" decoding=\"async\" width=\"768\" height=\"1024\" data-id=\"764\" src=\"https:\/\/tassadanslesmyriades.fr\/wp-content\/uploads\/2024\/08\/img_1665-1-768x1024.jpg\" alt=\"\" class=\"wp-image-764\" srcset=\"https:\/\/tassadanslesmyriades.fr\/wp-content\/uploads\/2024\/08\/img_1665-1-768x1024.jpg 768w, https:\/\/tassadanslesmyriades.fr\/wp-content\/uploads\/2024\/08\/img_1665-1-225x300.jpg 225w, https:\/\/tassadanslesmyriades.fr\/wp-content\/uploads\/2024\/08\/img_1665-1-1152x1536.jpg 1152w, https:\/\/tassadanslesmyriades.fr\/wp-content\/uploads\/2024\/08\/img_1665-1.jpg 1500w\" sizes=\"auto, (max-width: 768px) 100vw, 768px\" \/><\/figure>\n\n\n\n<figure class=\"wp-block-image size-large\"><img loading=\"lazy\" decoding=\"async\" width=\"768\" height=\"1024\" data-id=\"761\" src=\"https:\/\/tassadanslesmyriades.fr\/wp-content\/uploads\/2024\/08\/img_1666-1-768x1024.jpg\" alt=\"\" class=\"wp-image-761\" srcset=\"https:\/\/tassadanslesmyriades.fr\/wp-content\/uploads\/2024\/08\/img_1666-1-768x1024.jpg 768w, https:\/\/tassadanslesmyriades.fr\/wp-content\/uploads\/2024\/08\/img_1666-1-225x300.jpg 225w, https:\/\/tassadanslesmyriades.fr\/wp-content\/uploads\/2024\/08\/img_1666-1-1152x1536.jpg 1152w, https:\/\/tassadanslesmyriades.fr\/wp-content\/uploads\/2024\/08\/img_1666-1.jpg 1500w\" sizes=\"auto, (max-width: 768px) 100vw, 768px\" \/><\/figure>\n<\/figure>\n\n\n\n<hr class=\"wp-block-separator has-alpha-channel-opacity\"\/>\n\n\n\n<p> <a class=\"css-1jxf684 r-bcqeeo r-1ttztb7 r-qvutc0 r-poiln3 r-xoduu5 r-1q142lx r-1w6e6rj r-9aw3ui r-3s2u2q r-1loqt21\" href=\"https:\/\/x.com\/HistoryChroniq\/status\/1794054581715882049\"><time datetime=\"2024-05-24T17:15:18.000Z\">7:15 PM \u00b7 24 mai 2024<\/time><\/a> 186 vues<\/p>\n\n\n\n<p>Tr\u00e8s chanceuse d\u2019\u00eatre au symposium Histoire environnementale de Luma Arles apr\u00e8s un long trajet en train tr\u00e8s pluvieux.<\/p>\n\n\n\n<p><a href=\"https:\/\/www.luma.org\/fr\/arles\/notre-programme\/event\/histoire-environnementale-III-92edca69-6e95-4d8b-9aa3-c55411b7113e.html\">https:\/\/www.luma.org\/fr\/arles\/notre-programme\/event\/histoire-environnementale-III-92edca69-6e95-4d8b-9aa3-c55411b7113e.html<\/a><\/p>\n\n\n\n<figure class=\"wp-block-gallery has-nested-images columns-default is-cropped wp-block-gallery-3 is-layout-flex wp-block-gallery-is-layout-flex\">\n<figure class=\"wp-block-image size-large\"><img loading=\"lazy\" decoding=\"async\" width=\"1024\" height=\"768\" data-id=\"766\" src=\"https:\/\/tassadanslesmyriades.fr\/wp-content\/uploads\/2024\/08\/img_1670-1-1024x768.jpg\" alt=\"\" class=\"wp-image-766\" srcset=\"https:\/\/tassadanslesmyriades.fr\/wp-content\/uploads\/2024\/08\/img_1670-1-1024x768.jpg 1024w, https:\/\/tassadanslesmyriades.fr\/wp-content\/uploads\/2024\/08\/img_1670-1-300x225.jpg 300w, https:\/\/tassadanslesmyriades.fr\/wp-content\/uploads\/2024\/08\/img_1670-1-768x576.jpg 768w, https:\/\/tassadanslesmyriades.fr\/wp-content\/uploads\/2024\/08\/img_1670-1-1536x1152.jpg 1536w, https:\/\/tassadanslesmyriades.fr\/wp-content\/uploads\/2024\/08\/img_1670-1.jpg 2000w\" sizes=\"auto, (max-width: 1024px) 100vw, 1024px\" \/><figcaption class=\"wp-element-caption\">Centre d\u2019art contemporain d\u2019Arles et images des conf\u00e9rences du symposium histoire environnementale<\/figcaption><\/figure>\n\n\n\n<figure class=\"wp-block-image size-large\"><img loading=\"lazy\" decoding=\"async\" width=\"768\" height=\"1024\" data-id=\"768\" src=\"https:\/\/tassadanslesmyriades.fr\/wp-content\/uploads\/2024\/08\/img_1669-1-768x1024.jpg\" alt=\"\" class=\"wp-image-768\" srcset=\"https:\/\/tassadanslesmyriades.fr\/wp-content\/uploads\/2024\/08\/img_1669-1-768x1024.jpg 768w, https:\/\/tassadanslesmyriades.fr\/wp-content\/uploads\/2024\/08\/img_1669-1-225x300.jpg 225w, https:\/\/tassadanslesmyriades.fr\/wp-content\/uploads\/2024\/08\/img_1669-1-1152x1536.jpg 1152w, https:\/\/tassadanslesmyriades.fr\/wp-content\/uploads\/2024\/08\/img_1669-1.jpg 1500w\" sizes=\"auto, (max-width: 768px) 100vw, 768px\" \/><\/figure>\n\n\n\n<figure class=\"wp-block-image size-large\"><img loading=\"lazy\" decoding=\"async\" width=\"768\" height=\"1024\" data-id=\"767\" src=\"https:\/\/tassadanslesmyriades.fr\/wp-content\/uploads\/2024\/08\/img_1668-1-768x1024.jpg\" alt=\"\" class=\"wp-image-767\" srcset=\"https:\/\/tassadanslesmyriades.fr\/wp-content\/uploads\/2024\/08\/img_1668-1-768x1024.jpg 768w, https:\/\/tassadanslesmyriades.fr\/wp-content\/uploads\/2024\/08\/img_1668-1-225x300.jpg 225w, https:\/\/tassadanslesmyriades.fr\/wp-content\/uploads\/2024\/08\/img_1668-1-1152x1536.jpg 1152w, https:\/\/tassadanslesmyriades.fr\/wp-content\/uploads\/2024\/08\/img_1668-1.jpg 1500w\" sizes=\"auto, (max-width: 768px) 100vw, 768px\" \/><\/figure>\n\n\n\n<figure class=\"wp-block-image size-large\"><img loading=\"lazy\" decoding=\"async\" width=\"768\" height=\"1024\" data-id=\"765\" src=\"https:\/\/tassadanslesmyriades.fr\/wp-content\/uploads\/2024\/08\/img_1667-1-768x1024.jpg\" alt=\"\" class=\"wp-image-765\" srcset=\"https:\/\/tassadanslesmyriades.fr\/wp-content\/uploads\/2024\/08\/img_1667-1-768x1024.jpg 768w, https:\/\/tassadanslesmyriades.fr\/wp-content\/uploads\/2024\/08\/img_1667-1-225x300.jpg 225w, https:\/\/tassadanslesmyriades.fr\/wp-content\/uploads\/2024\/08\/img_1667-1-1152x1536.jpg 1152w, https:\/\/tassadanslesmyriades.fr\/wp-content\/uploads\/2024\/08\/img_1667-1.jpg 1500w\" sizes=\"auto, (max-width: 768px) 100vw, 768px\" \/><\/figure>\n<\/figure>\n\n\n\n<hr class=\"wp-block-separator has-alpha-channel-opacity\"\/>\n\n\n\n<p><a class=\"css-1jxf684 r-bcqeeo r-1ttztb7 r-qvutc0 r-poiln3 r-xoduu5 r-1q142lx r-1w6e6rj r-9aw3ui r-3s2u2q r-1loqt21\" href=\"https:\/\/x.com\/HistoryChroniq\/status\/1791483881008288079\"><time datetime=\"2024-05-17T15:00:16.000Z\">5:00 PM \u00b7 17 mai 2024<\/time><\/a> 142 vues<\/p>\n\n\n\n<p>L\u2019une des plus belles illustrations de saxifrage : in Figures de la Flore \u2026 par P. Picot de Lapeyrouse <a class=\"css-1jxf684 r-bcqeeo r-1ttztb7 r-qvutc0 r-poiln3 r-1loqt21\" href=\"https:\/\/t.co\/dqMk008Io1\" target=\"_blank\" rel=\"noreferrer noopener\">https:\/\/pireneas.fr\/ark:\/12148\/bpt6k5340643n\/f109.item#<\/a><a class=\"css-1jxf684 r-bcqeeo r-1ttztb7 r-qvutc0 r-poiln3 r-1loqt21\" href=\"https:\/\/x.com\/hashtag\/roots?src=hashtag_click\">#roots<\/a><\/p>\n\n\n\n<figure class=\"wp-block-image aligncenter size-large\"><img loading=\"lazy\" decoding=\"async\" width=\"653\" height=\"1024\" src=\"https:\/\/tassadanslesmyriades.fr\/wp-content\/uploads\/2024\/08\/img_1671-1-653x1024.jpg\" alt=\"\" class=\"wp-image-769\" title=\"Plant\" srcset=\"https:\/\/tassadanslesmyriades.fr\/wp-content\/uploads\/2024\/08\/img_1671-1-653x1024.jpg 653w, https:\/\/tassadanslesmyriades.fr\/wp-content\/uploads\/2024\/08\/img_1671-1-191x300.jpg 191w, https:\/\/tassadanslesmyriades.fr\/wp-content\/uploads\/2024\/08\/img_1671-1-768x1205.jpg 768w, https:\/\/tassadanslesmyriades.fr\/wp-content\/uploads\/2024\/08\/img_1671-1-979x1536.jpg 979w, https:\/\/tassadanslesmyriades.fr\/wp-content\/uploads\/2024\/08\/img_1671-1.jpg 998w\" sizes=\"auto, (max-width: 653px) 100vw, 653px\" \/><figcaption class=\"wp-element-caption\">Image d\u2019un herbier sur Gallica repr\u00e9sentation de la saxifrage<\/figcaption><\/figure>\n\n\n\n<p>Source : <a class=\"css-1jxf684 r-bcqeeo r-1ttztb7 r-qvutc0 r-poiln3 r-1loqt21\" href=\"https:\/\/t.co\/NZkT6Wl0SV\" target=\"_blank\" rel=\"noreferrer noopener\">http:\/\/pireneas.fr<\/a> \/ Biblioth\u00e8que municipale de Toulouse<\/p>\n\n\n\n<hr class=\"wp-block-separator has-alpha-channel-opacity\"\/>\n\n\n\n<p><a class=\"css-1jxf684 r-bcqeeo r-1ttztb7 r-qvutc0 r-poiln3 r-xoduu5 r-1q142lx r-1w6e6rj r-9aw3ui r-3s2u2q r-1loqt21\" href=\"https:\/\/x.com\/HistoryChroniq\/status\/1791482633559458040\"><time datetime=\"2024-05-17T14:55:18.000Z\">4:55 PM \u00b7 17 mai 2024<\/time><\/a> 64 vues<\/p>\n\n\n\n<p>Sur Wikip\u00e9dia, de jolis index de simples comme la liste des plantes dans le Tractatus de herbis : (image : Frontispice du ms. latin 6823) <a class=\"css-1jxf684 r-bcqeeo r-1ttztb7 r-qvutc0 r-poiln3 r-1loqt21\" href=\"https:\/\/t.co\/BzlxvFCFig\" target=\"_blank\" rel=\"noreferrer noopener\">https:\/\/fr.m.wikipedia.org\/wiki\/Liste_des_simples_trait%C3%A9s_dans_le_Tractatus_de_herbis<\/a><\/p>\n\n\n\n<hr class=\"wp-block-separator has-alpha-channel-opacity\"\/>\n\n\n\n<figure class=\"wp-block-image aligncenter size-large\"><img loading=\"lazy\" decoding=\"async\" width=\"1024\" height=\"672\" src=\"https:\/\/tassadanslesmyriades.fr\/wp-content\/uploads\/2024\/08\/img_1672-1-1024x672.jpg\" alt=\"\" class=\"wp-image-770\" srcset=\"https:\/\/tassadanslesmyriades.fr\/wp-content\/uploads\/2024\/08\/img_1672-1-1024x672.jpg 1024w, https:\/\/tassadanslesmyriades.fr\/wp-content\/uploads\/2024\/08\/img_1672-1-300x197.jpg 300w, https:\/\/tassadanslesmyriades.fr\/wp-content\/uploads\/2024\/08\/img_1672-1-768x504.jpg 768w, https:\/\/tassadanslesmyriades.fr\/wp-content\/uploads\/2024\/08\/img_1672-1.jpg 1284w\" sizes=\"auto, (max-width: 1024px) 100vw, 1024px\" \/><\/figure>\n\n\n\n<p><em>a nice exploration of mandrake as a case to study the relationship with the underworld is here<\/em><\/p>\n\n\n\n<hr class=\"wp-block-separator has-alpha-channel-opacity\"\/>\n\n\n\n<p><a class=\"css-1jxf684 r-bcqeeo r-1ttztb7 r-qvutc0 r-poiln3 r-xoduu5 r-1q142lx r-1w6e6rj r-9aw3ui r-3s2u2q r-1loqt21\" href=\"https:\/\/x.com\/HistoryChroniq\/status\/1788963997040996677\"><time datetime=\"2024-05-10T16:07:08.000Z\">6:07 PM \u00b7 10 mai 2024<\/time><\/a> 288 vues<\/p>\n\n\n\n<p>Retour sur un atelier de recherche-action donn\u00e9 \u00e0 l\u2019universit\u00e9 Bordeaux Montaigne l\u2019ann\u00e9e derni\u00e8re \u00e0 la JE Faire relation avec les mauvaises herbes. <a class=\"css-1jxf684 r-bcqeeo r-1ttztb7 r-qvutc0 r-poiln3 r-1loqt21\" href=\"https:\/\/x.com\/hashtag\/Art?src=hashtag_click\">#Art<\/a><a class=\"css-1jxf684 r-bcqeeo r-1ttztb7 r-qvutc0 r-poiln3 r-1loqt21\" href=\"https:\/\/x.com\/hashtag\/Recherche?src=hashtag_click\">#Recherche<\/a> L&rsquo;atelier s&rsquo;intitulait : \u00ab\u00a0De viles racines \u00e0 panac\u00e9e : recherche-action souterraine\u00a0\u00bb <a class=\"css-1jxf684 r-bcqeeo r-1ttztb7 r-qvutc0 r-poiln3 r-1loqt21\" href=\"https:\/\/t.co\/VNIbzEiPfA\" target=\"_blank\" rel=\"noreferrer noopener\">https:\/\/tassaneealleau.com\/faire-relation-avec-les-mauvaises-herbes<\/a><\/p>\n\n\n\n<figure class=\"wp-block-gallery has-nested-images columns-default is-cropped wp-block-gallery-4 is-layout-flex wp-block-gallery-is-layout-flex\">\n<figure class=\"wp-block-image size-large\"><img loading=\"lazy\" decoding=\"async\" width=\"712\" height=\"1024\" data-id=\"771\" src=\"https:\/\/tassadanslesmyriades.fr\/wp-content\/uploads\/2024\/08\/img_1673-1-712x1024.jpg\" alt=\"\" class=\"wp-image-771\" srcset=\"https:\/\/tassadanslesmyriades.fr\/wp-content\/uploads\/2024\/08\/img_1673-1-712x1024.jpg 712w, https:\/\/tassadanslesmyriades.fr\/wp-content\/uploads\/2024\/08\/img_1673-1-209x300.jpg 209w, https:\/\/tassadanslesmyriades.fr\/wp-content\/uploads\/2024\/08\/img_1673-1-768x1104.jpg 768w, https:\/\/tassadanslesmyriades.fr\/wp-content\/uploads\/2024\/08\/img_1673-1-1068x1536.jpg 1068w, https:\/\/tassadanslesmyriades.fr\/wp-content\/uploads\/2024\/08\/img_1673-1.jpg 1284w\" sizes=\"auto, (max-width: 712px) 100vw, 712px\" \/><\/figure>\n\n\n\n<figure class=\"wp-block-image size-large\"><img loading=\"lazy\" decoding=\"async\" width=\"583\" height=\"1024\" data-id=\"772\" src=\"https:\/\/tassadanslesmyriades.fr\/wp-content\/uploads\/2024\/08\/img_1674-1-583x1024.jpg\" alt=\"\" class=\"wp-image-772\" srcset=\"https:\/\/tassadanslesmyriades.fr\/wp-content\/uploads\/2024\/08\/img_1674-1-583x1024.jpg 583w, https:\/\/tassadanslesmyriades.fr\/wp-content\/uploads\/2024\/08\/img_1674-1-171x300.jpg 171w, https:\/\/tassadanslesmyriades.fr\/wp-content\/uploads\/2024\/08\/img_1674-1-768x1349.jpg 768w, https:\/\/tassadanslesmyriades.fr\/wp-content\/uploads\/2024\/08\/img_1674-1-875x1536.jpg 875w, https:\/\/tassadanslesmyriades.fr\/wp-content\/uploads\/2024\/08\/img_1674-1.jpg 1139w\" sizes=\"auto, (max-width: 583px) 100vw, 583px\" \/><\/figure>\n<\/figure>\n\n\n\n<hr class=\"wp-block-separator has-alpha-channel-opacity\"\/>\n\n\n\n<p><a class=\"css-1jxf684 r-bcqeeo r-1ttztb7 r-qvutc0 r-poiln3 r-xoduu5 r-1q142lx r-1w6e6rj r-9aw3ui r-3s2u2q r-1loqt21\" href=\"https:\/\/x.com\/HistoryChroniq\/status\/1786449254757675299\"><time datetime=\"2024-05-03T17:34:27.000Z\">7:34 PM \u00b7 3 mai 2024<\/time><\/a> 246 vues<\/p>\n\n\n\n<p><a class=\"css-1jxf684 r-bcqeeo r-1ttztb7 r-qvutc0 r-poiln3 r-1loqt21\" href=\"https:\/\/x.com\/hashtag\/VendrediLecture?src=hashtag_click\">#VendrediLecture<\/a> Je n\u2019avais pas trop rang\u00e9 depuis mon d\u00e9m\u00e9nagement \u2026<\/p>\n\n\n\n<figure class=\"wp-block-gallery has-nested-images columns-default is-cropped wp-block-gallery-5 is-layout-flex wp-block-gallery-is-layout-flex\">\n<figure class=\"wp-block-image size-large\"><img loading=\"lazy\" decoding=\"async\" width=\"819\" height=\"1024\" data-id=\"774\" src=\"https:\/\/tassadanslesmyriades.fr\/wp-content\/uploads\/2024\/08\/img_1675-1-819x1024.jpg\" alt=\"\" class=\"wp-image-774\" srcset=\"https:\/\/tassadanslesmyriades.fr\/wp-content\/uploads\/2024\/08\/img_1675-1-819x1024.jpg 819w, https:\/\/tassadanslesmyriades.fr\/wp-content\/uploads\/2024\/08\/img_1675-1-240x300.jpg 240w, https:\/\/tassadanslesmyriades.fr\/wp-content\/uploads\/2024\/08\/img_1675-1-768x960.jpg 768w, https:\/\/tassadanslesmyriades.fr\/wp-content\/uploads\/2024\/08\/img_1675-1-1229x1536.jpg 1229w, https:\/\/tassadanslesmyriades.fr\/wp-content\/uploads\/2024\/08\/img_1675-1.jpg 1600w\" sizes=\"auto, (max-width: 819px) 100vw, 819px\" \/><figcaption class=\"wp-element-caption\">Photographies de mes biblioth\u00e8ques <\/figcaption><\/figure>\n\n\n\n<figure class=\"wp-block-image size-large\"><img loading=\"lazy\" decoding=\"async\" width=\"785\" height=\"1024\" data-id=\"773\" src=\"https:\/\/tassadanslesmyriades.fr\/wp-content\/uploads\/2024\/08\/img_1676-1-785x1024.jpg\" alt=\"\" class=\"wp-image-773\" srcset=\"https:\/\/tassadanslesmyriades.fr\/wp-content\/uploads\/2024\/08\/img_1676-1-785x1024.jpg 785w, https:\/\/tassadanslesmyriades.fr\/wp-content\/uploads\/2024\/08\/img_1676-1-230x300.jpg 230w, https:\/\/tassadanslesmyriades.fr\/wp-content\/uploads\/2024\/08\/img_1676-1-768x1002.jpg 768w, https:\/\/tassadanslesmyriades.fr\/wp-content\/uploads\/2024\/08\/img_1676-1-1177x1536.jpg 1177w, https:\/\/tassadanslesmyriades.fr\/wp-content\/uploads\/2024\/08\/img_1676-1.jpg 1284w\" sizes=\"auto, (max-width: 785px) 100vw, 785px\" \/><\/figure>\n<\/figure>\n\n\n\n<hr class=\"wp-block-separator has-alpha-channel-opacity\"\/>\n\n\n\n<p><a class=\"css-1jxf684 r-bcqeeo r-1ttztb7 r-qvutc0 r-poiln3 r-xoduu5 r-1q142lx r-1w6e6rj r-9aw3ui r-3s2u2q r-1loqt21\" href=\"https:\/\/x.com\/HistoryChroniq\/status\/1780871623156863406\"><time datetime=\"2024-04-18T08:10:56.000Z\">10:10 AM \u00b7 18 avr. 2024<\/time><\/a> 314 vues<\/p>\n\n\n\n<p>Depuis le d\u00e9but de l\u2019ann\u00e9e 2024, le plus beau changement dans ma vie, c\u2019est que j\u2019ai d\u00e9sormais un jardin, et franchement, \u00e7a n\u2019aide pas pour avancer dans l\u2019\u00e9criture d\u2019articles ou de la th\u00e8se<\/p>\n\n\n\n<figure class=\"wp-block-image size-large\"><img loading=\"lazy\" decoding=\"async\" width=\"768\" height=\"1024\" src=\"https:\/\/tassadanslesmyriades.fr\/wp-content\/uploads\/2024\/08\/img_1679-1-768x1024.jpg\" alt=\"\" class=\"wp-image-775\" title=\"Visage avec langue\" srcset=\"https:\/\/tassadanslesmyriades.fr\/wp-content\/uploads\/2024\/08\/img_1679-1-768x1024.jpg 768w, https:\/\/tassadanslesmyriades.fr\/wp-content\/uploads\/2024\/08\/img_1679-1-225x300.jpg 225w, https:\/\/tassadanslesmyriades.fr\/wp-content\/uploads\/2024\/08\/img_1679-1-1152x1536.jpg 1152w, https:\/\/tassadanslesmyriades.fr\/wp-content\/uploads\/2024\/08\/img_1679-1.jpg 1500w\" sizes=\"auto, (max-width: 768px) 100vw, 768px\" \/><figcaption class=\"wp-element-caption\">Photographie de mon carr\u00e9 aromatique dans le potager<\/figcaption><\/figure>\n\n\n\n<p>Par contre, j\u2019y exp\u00e9rimente toutes sortes de racines<\/p>\n\n\n\n<figure class=\"wp-block-image size-large\"><img loading=\"lazy\" decoding=\"async\" width=\"1024\" height=\"768\" src=\"https:\/\/tassadanslesmyriades.fr\/wp-content\/uploads\/2024\/08\/img_1678-1-1024x768.jpg\" alt=\"\" class=\"wp-image-776\" title=\"Plant\" srcset=\"https:\/\/tassadanslesmyriades.fr\/wp-content\/uploads\/2024\/08\/img_1678-1-1024x768.jpg 1024w, https:\/\/tassadanslesmyriades.fr\/wp-content\/uploads\/2024\/08\/img_1678-1-300x225.jpg 300w, https:\/\/tassadanslesmyriades.fr\/wp-content\/uploads\/2024\/08\/img_1678-1-768x576.jpg 768w, https:\/\/tassadanslesmyriades.fr\/wp-content\/uploads\/2024\/08\/img_1678-1-1536x1152.jpg 1536w, https:\/\/tassadanslesmyriades.fr\/wp-content\/uploads\/2024\/08\/img_1678-1.jpg 2000w\" sizes=\"auto, (max-width: 1024px) 100vw, 1024px\" \/><figcaption class=\"wp-element-caption\">Photographie du jardin avec l\u2019abricotier au centre et la chaise en plastique blanc<\/figcaption><\/figure>\n\n\n\n<figure class=\"wp-block-image size-large\"><img loading=\"lazy\" decoding=\"async\" width=\"768\" height=\"1024\" src=\"https:\/\/tassadanslesmyriades.fr\/wp-content\/uploads\/2024\/08\/img_1677-1-768x1024.jpg\" alt=\"\" class=\"wp-image-777\" title=\"Main OK\" srcset=\"https:\/\/tassadanslesmyriades.fr\/wp-content\/uploads\/2024\/08\/img_1677-1-768x1024.jpg 768w, https:\/\/tassadanslesmyriades.fr\/wp-content\/uploads\/2024\/08\/img_1677-1-225x300.jpg 225w, https:\/\/tassadanslesmyriades.fr\/wp-content\/uploads\/2024\/08\/img_1677-1-1152x1536.jpg 1152w, https:\/\/tassadanslesmyriades.fr\/wp-content\/uploads\/2024\/08\/img_1677-1.jpg 1500w\" sizes=\"auto, (max-width: 768px) 100vw, 768px\" \/><figcaption class=\"wp-element-caption\">Photographie du jardin avec le cabanon au fond, les rosiers devant et la chaise en plastique blanc<\/figcaption><\/figure>\n\n\n\n<p>Et \u00e0 la question : pourquoi on ne tond pas, eh bien on arrache le chiendent \u00e0 la main, parce qu\u2019on a d\u00e9couvert des nids d\u2019abeilles et bourdons dans le sol. Les meilleurs pour les fleurs et les fruits !<\/p>\n\n\n\n<figure class=\"wp-block-image size-large\"><img loading=\"lazy\" decoding=\"async\" width=\"768\" height=\"1024\" src=\"https:\/\/tassadanslesmyriades.fr\/wp-content\/uploads\/2024\/08\/img_1680-1-768x1024.jpg\" alt=\"\" class=\"wp-image-778\" title=\"Mains lev\u00e9es\" srcset=\"https:\/\/tassadanslesmyriades.fr\/wp-content\/uploads\/2024\/08\/img_1680-1-768x1024.jpg 768w, https:\/\/tassadanslesmyriades.fr\/wp-content\/uploads\/2024\/08\/img_1680-1-225x300.jpg 225w, https:\/\/tassadanslesmyriades.fr\/wp-content\/uploads\/2024\/08\/img_1680-1-1152x1536.jpg 1152w, https:\/\/tassadanslesmyriades.fr\/wp-content\/uploads\/2024\/08\/img_1680-1.jpg 1500w\" sizes=\"auto, (max-width: 768px) 100vw, 768px\" \/><figcaption class=\"wp-element-caption\">Photographie du Mirabellier <\/figcaption><\/figure>\n\n\n\n<hr class=\"wp-block-separator has-alpha-channel-opacity\"\/>\n\n\n\n<p><a class=\"css-1jxf684 r-bcqeeo r-1ttztb7 r-qvutc0 r-poiln3 r-xoduu5 r-1q142lx r-1w6e6rj r-9aw3ui r-3s2u2q r-1loqt21\" href=\"https:\/\/x.com\/HistoryChroniq\/status\/1773980317042323716\"><time datetime=\"2024-03-30T07:47:21.000Z\">8:47 AM \u00b7 30 mars 2024<\/time><\/a> 352 vues<\/p>\n\n\n\n<p>Page HAL r\u00e9actualis\u00e9e pour le plus grand bonheur de \u2026 pas grand monde peut-\u00eatre\u2026<\/p>\n\n\n\n<figure class=\"wp-block-gallery has-nested-images columns-default is-cropped wp-block-gallery-6 is-layout-flex wp-block-gallery-is-layout-flex\">\n<figure class=\"wp-block-image size-large\"><img loading=\"lazy\" decoding=\"async\" width=\"768\" height=\"1024\" data-id=\"780\" src=\"https:\/\/tassadanslesmyriades.fr\/wp-content\/uploads\/2024\/08\/img_1681-1-768x1024.jpg\" alt=\"\" class=\"wp-image-780\" srcset=\"https:\/\/tassadanslesmyriades.fr\/wp-content\/uploads\/2024\/08\/img_1681-1-768x1024.jpg 768w, https:\/\/tassadanslesmyriades.fr\/wp-content\/uploads\/2024\/08\/img_1681-1-225x300.jpg 225w, https:\/\/tassadanslesmyriades.fr\/wp-content\/uploads\/2024\/08\/img_1681-1-1152x1536.jpg 1152w, https:\/\/tassadanslesmyriades.fr\/wp-content\/uploads\/2024\/08\/img_1681-1.jpg 1500w\" sizes=\"auto, (max-width: 768px) 100vw, 768px\" \/><figcaption class=\"wp-element-caption\">Fleurs de centaur\u00e9e<\/figcaption><\/figure>\n\n\n\n<figure class=\"wp-block-image size-large\"><img loading=\"lazy\" decoding=\"async\" width=\"768\" height=\"1024\" data-id=\"779\" src=\"https:\/\/tassadanslesmyriades.fr\/wp-content\/uploads\/2024\/08\/img_1682-1-768x1024.jpg\" alt=\"\" class=\"wp-image-779\" srcset=\"https:\/\/tassadanslesmyriades.fr\/wp-content\/uploads\/2024\/08\/img_1682-1-768x1024.jpg 768w, https:\/\/tassadanslesmyriades.fr\/wp-content\/uploads\/2024\/08\/img_1682-1-225x300.jpg 225w, https:\/\/tassadanslesmyriades.fr\/wp-content\/uploads\/2024\/08\/img_1682-1-1152x1536.jpg 1152w, https:\/\/tassadanslesmyriades.fr\/wp-content\/uploads\/2024\/08\/img_1682-1.jpg 1500w\" sizes=\"auto, (max-width: 768px) 100vw, 768px\" \/><figcaption class=\"wp-element-caption\">Pivoines <\/figcaption><\/figure>\n\n\n\n<figure class=\"wp-block-image size-large\"><img loading=\"lazy\" decoding=\"async\" width=\"768\" height=\"1024\" data-id=\"781\" src=\"https:\/\/tassadanslesmyriades.fr\/wp-content\/uploads\/2024\/08\/img_1683-1-768x1024.jpg\" alt=\"\" class=\"wp-image-781\" srcset=\"https:\/\/tassadanslesmyriades.fr\/wp-content\/uploads\/2024\/08\/img_1683-1-768x1024.jpg 768w, https:\/\/tassadanslesmyriades.fr\/wp-content\/uploads\/2024\/08\/img_1683-1-225x300.jpg 225w, https:\/\/tassadanslesmyriades.fr\/wp-content\/uploads\/2024\/08\/img_1683-1-1152x1536.jpg 1152w, https:\/\/tassadanslesmyriades.fr\/wp-content\/uploads\/2024\/08\/img_1683-1.jpg 1500w\" sizes=\"auto, (max-width: 768px) 100vw, 768px\" \/><figcaption class=\"wp-element-caption\">Abricotier<\/figcaption><\/figure>\n<\/figure>\n\n\n\n<p>Mais les plantes du jardin se portent bien. <a class=\"css-1jxf684 r-bcqeeo r-1ttztb7 r-qvutc0 r-poiln3 r-1loqt21\" href=\"https:\/\/t.co\/ajPj9eFvrr\" target=\"_blank\" rel=\"noreferrer noopener\">https:\/\/hal.science\/search\/index\/?q=Tassanee+alleau&amp;rows=30&amp;publicationDateY_i=2023<\/a><\/p>\n\n\n\n<hr class=\"wp-block-separator has-alpha-channel-opacity\"\/>\n\n\n\n<p><a class=\"css-1jxf684 r-bcqeeo r-1ttztb7 r-qvutc0 r-poiln3 r-xoduu5 r-1q142lx r-1w6e6rj r-9aw3ui r-3s2u2q r-1loqt21\" href=\"https:\/\/x.com\/HistoryChroniq\/status\/1772701851948875906\"><time datetime=\"2024-03-26T19:07:11.000Z\">8:07 PM \u00b7 26 mars 2024<\/time><\/a> 355 vues<\/p>\n\n\n\n<p>La r\u00e9sidence artistique continue jusqu\u2019\u00e0 31 mars. Et vive le v\u00e9g\u00e9tal !<\/p>\n\n\n\n<figure class=\"wp-block-image size-large\"><img loading=\"lazy\" decoding=\"async\" width=\"695\" height=\"1024\" src=\"https:\/\/tassadanslesmyriades.fr\/wp-content\/uploads\/2024\/08\/img_1684-1-695x1024.jpg\" alt=\"\" class=\"wp-image-782\" title=\"Herbe\" srcset=\"https:\/\/tassadanslesmyriades.fr\/wp-content\/uploads\/2024\/08\/img_1684-1-695x1024.jpg 695w, https:\/\/tassadanslesmyriades.fr\/wp-content\/uploads\/2024\/08\/img_1684-1-204x300.jpg 204w, https:\/\/tassadanslesmyriades.fr\/wp-content\/uploads\/2024\/08\/img_1684-1.jpg 754w\" sizes=\"auto, (max-width: 695px) 100vw, 695px\" \/><\/figure>\n\n\n\n<hr class=\"wp-block-separator has-alpha-channel-opacity\"\/>\n\n\n\n<figure class=\"wp-block-image aligncenter size-large\"><img loading=\"lazy\" decoding=\"async\" width=\"839\" height=\"1024\" src=\"https:\/\/tassadanslesmyriades.fr\/wp-content\/uploads\/2024\/08\/img_1685-1-839x1024.jpg\" alt=\"\" class=\"wp-image-783\" srcset=\"https:\/\/tassadanslesmyriades.fr\/wp-content\/uploads\/2024\/08\/img_1685-1-839x1024.jpg 839w, https:\/\/tassadanslesmyriades.fr\/wp-content\/uploads\/2024\/08\/img_1685-1-246x300.jpg 246w, https:\/\/tassadanslesmyriades.fr\/wp-content\/uploads\/2024\/08\/img_1685-1-768x938.jpg 768w, https:\/\/tassadanslesmyriades.fr\/wp-content\/uploads\/2024\/08\/img_1685-1-1258x1536.jpg 1258w, https:\/\/tassadanslesmyriades.fr\/wp-content\/uploads\/2024\/08\/img_1685-1.jpg 1284w\" sizes=\"auto, (max-width: 839px) 100vw, 839px\" \/><\/figure>\n\n\n\n<hr class=\"wp-block-separator has-alpha-channel-opacity\"\/>\n\n\n\n<p><a class=\"css-1jxf684 r-bcqeeo r-1ttztb7 r-qvutc0 r-poiln3 r-xoduu5 r-1q142lx r-1w6e6rj r-9aw3ui r-3s2u2q r-1loqt21\" href=\"https:\/\/x.com\/adeep_tours\/status\/1768961171967590569\"><time datetime=\"2024-03-16T11:23:03.000Z\">12:23 PM \u00b7 16 mars 2024<\/time><\/a> 391 vues<\/p>\n\n\n\n<p>Mercredi 13\/03, dans la salle Rapin du <a class=\"css-1jxf684 r-bcqeeo r-1ttztb7 r-qvutc0 r-poiln3 r-1loqt21\" href=\"https:\/\/x.com\/CESR_Tours\">@CESR_Tours<\/a>, s&rsquo;est d\u00e9roul\u00e9e la premi\u00e8re \u00e9dition du cin\u00e9-d\u00e9bat de l&rsquo;ADEEP, co-organis\u00e9e avec l&rsquo;<a class=\"css-1jxf684 r-bcqeeo r-1ttztb7 r-qvutc0 r-poiln3 r-1loqt21\" href=\"https:\/\/x.com\/hashtag\/ADCESR?src=hashtag_click\">#ADCESR<\/a>, autour du film Le Moine et la Sorci\u00e8re (1987), de Suzanne Schiffman et Palema Berger. Retour en images :<\/p>\n\n\n\n<figure class=\"wp-block-image aligncenter size-large\"><img loading=\"lazy\" decoding=\"async\" width=\"768\" height=\"1024\" src=\"https:\/\/tassadanslesmyriades.fr\/wp-content\/uploads\/2024\/08\/img_1686-1-768x1024.jpg\" alt=\"\" class=\"wp-image-784\" srcset=\"https:\/\/tassadanslesmyriades.fr\/wp-content\/uploads\/2024\/08\/img_1686-1-768x1023.jpg 768w, https:\/\/tassadanslesmyriades.fr\/wp-content\/uploads\/2024\/08\/img_1686-1-225x300.jpg 225w, https:\/\/tassadanslesmyriades.fr\/wp-content\/uploads\/2024\/08\/img_1686-1-1153x1536.jpg 1153w, https:\/\/tassadanslesmyriades.fr\/wp-content\/uploads\/2024\/08\/img_1686-1.jpg 1284w\" sizes=\"auto, (max-width: 768px) 100vw, 768px\" \/><\/figure>\n\n\n\n<p>Nous remercions chaleureusement Fr\u00e9d\u00e9rique Fouassier et Tassanee Alleau (<a class=\"css-1jxf684 r-bcqeeo r-1ttztb7 r-qvutc0 r-poiln3 r-1loqt21\" href=\"https:\/\/x.com\/HistoryChroniq\">@HistoryChroniq<\/a>) d&rsquo;avoir accept\u00e9 notre invitation. Merci \u00e9galement \u00e0 R\u00e9mi Demoen, pr\u00e9sident de l&rsquo;ADCESR, pour sa contribution \u00e0 la m\u00e9diation du d\u00e9bat. Enfin, merci au <a class=\"css-1jxf684 r-bcqeeo r-1ttztb7 r-qvutc0 r-poiln3 r-1loqt21\" href=\"https:\/\/x.com\/CESR_Tours\">@CESR_Tours<\/a> pour son aide logistique.<\/p>\n\n\n\n<figure class=\"wp-block-image size-large\"><img loading=\"lazy\" decoding=\"async\" width=\"1024\" height=\"1024\" src=\"https:\/\/tassadanslesmyriades.fr\/wp-content\/uploads\/2024\/08\/img_1687-1-1024x1024.jpg\" alt=\"\" class=\"wp-image-785\" srcset=\"https:\/\/tassadanslesmyriades.fr\/wp-content\/uploads\/2024\/08\/img_1687-1-1024x1024.jpg 1024w, https:\/\/tassadanslesmyriades.fr\/wp-content\/uploads\/2024\/08\/img_1687-1-300x300.jpg 300w, https:\/\/tassadanslesmyriades.fr\/wp-content\/uploads\/2024\/08\/img_1687-1-150x150.jpg 150w, https:\/\/tassadanslesmyriades.fr\/wp-content\/uploads\/2024\/08\/img_1687-1-768x768.jpg 768w, https:\/\/tassadanslesmyriades.fr\/wp-content\/uploads\/2024\/08\/img_1687-1.jpg 1080w\" sizes=\"auto, (max-width: 1024px) 100vw, 1024px\" \/><\/figure>\n\n\n\n<hr class=\"wp-block-separator has-alpha-channel-opacity\"\/>\n\n\n\n<p><a class=\"css-1jxf684 r-bcqeeo r-1ttztb7 r-qvutc0 r-poiln3 r-xoduu5 r-1q142lx r-1w6e6rj r-9aw3ui r-3s2u2q r-1loqt21\" href=\"https:\/\/x.com\/HistoryChroniq\/status\/1768942840476741765\"><time datetime=\"2024-03-16T10:10:13.000Z\">11:10 AM \u00b7 16 mars 2024<\/time><\/a> 169 vues<\/p>\n\n\n\n<p>Communiqu\u00e9 de La Ville aux Dames : La Ville-aux-Dames a souhait\u00e9 mettre en lumi\u00e8re le profil atypique de cette artiste-chercheuse \u00e0 l\u2019occasion du Festival Bruissements d\u2019Elles 2024, en r\u00e9sidence du 18 au 31 mars 2024 Vernissage, jeudi 21 mars \u00e0 19h30 salle Louis Renard<\/p>\n\n\n\n<figure class=\"wp-block-image size-large\"><img loading=\"lazy\" decoding=\"async\" width=\"1024\" height=\"1024\" src=\"https:\/\/tassadanslesmyriades.fr\/wp-content\/uploads\/2024\/08\/img_1688-1-1024x1024.jpg\" alt=\"\" class=\"wp-image-786\" srcset=\"https:\/\/tassadanslesmyriades.fr\/wp-content\/uploads\/2024\/08\/img_1688-1-1024x1024.jpg 1024w, https:\/\/tassadanslesmyriades.fr\/wp-content\/uploads\/2024\/08\/img_1688-1-300x300.jpg 300w, https:\/\/tassadanslesmyriades.fr\/wp-content\/uploads\/2024\/08\/img_1688-1-150x150.jpg 150w, https:\/\/tassadanslesmyriades.fr\/wp-content\/uploads\/2024\/08\/img_1688-1-768x768.jpg 768w, https:\/\/tassadanslesmyriades.fr\/wp-content\/uploads\/2024\/08\/img_1688-1.jpg 1080w\" sizes=\"auto, (max-width: 1024px) 100vw, 1024px\" \/><\/figure>\n\n\n\n<hr class=\"wp-block-separator has-alpha-channel-opacity\"\/>\n\n\n\n<p><a class=\"css-1jxf684 r-bcqeeo r-1ttztb7 r-qvutc0 r-poiln3 r-xoduu5 r-1q142lx r-1w6e6rj r-9aw3ui r-3s2u2q r-1loqt21\" href=\"https:\/\/x.com\/HistoryChroniq\/status\/1767867580025340276\"><time datetime=\"2024-03-13T10:57:31.000Z\">11:57 AM \u00b7<\/time><\/a> 245 vues<\/p>\n\n\n\n<figure class=\"wp-block-image aligncenter size-large\"><img loading=\"lazy\" decoding=\"async\" width=\"1024\" height=\"550\" src=\"https:\/\/tassadanslesmyriades.fr\/wp-content\/uploads\/2024\/08\/img_1689-1-1024x550.jpg\" alt=\"\" class=\"wp-image-787\" srcset=\"https:\/\/tassadanslesmyriades.fr\/wp-content\/uploads\/2024\/08\/img_1689-1-1024x550.jpg 1024w, https:\/\/tassadanslesmyriades.fr\/wp-content\/uploads\/2024\/08\/img_1689-1-300x161.jpg 300w, https:\/\/tassadanslesmyriades.fr\/wp-content\/uploads\/2024\/08\/img_1689-1-768x413.jpg 768w, https:\/\/tassadanslesmyriades.fr\/wp-content\/uploads\/2024\/08\/img_1689-1.jpg 1284w\" sizes=\"auto, (max-width: 1024px) 100vw, 1024px\" \/><\/figure>\n\n\n\n<p>14 mars \u00e0 Tours <a class=\"css-1jxf684 r-bcqeeo r-1ttztb7 r-qvutc0 r-poiln3 r-1loqt21\" href=\"https:\/\/t.co\/0qmPmpeqfz\" target=\"_blank\" rel=\"noreferrer noopener\">https:\/\/cesr.univ-tours.fr\/centre-detudes-superieures-de-la-renaissance\/manifestations\/colloque-femmes-soignantes-femmes-sorcieres%C2%A0-regards-croises-entre-la-renaissance-et-aujourdhui<\/a><\/p>\n\n\n\n<hr class=\"wp-block-separator has-alpha-channel-opacity\"\/>\n\n\n\n<p>Le CESR a tweet\u00e9 :<\/p>\n\n\n\n<p>[Cin\u00e9-d\u00e9bat]<\/p>\n\n\n\n<p>Dans le cadre du colloque \u201cFemmes soignantes, femmes sorci\u00e8res\u201d, l&rsquo;<a class=\"css-1jxf684 r-bcqeeo r-1ttztb7 r-qvutc0 r-poiln3 r-1loqt21\" href=\"https:\/\/x.com\/adeep_tours\">@adeep_tours<\/a> et l&rsquo;ADCESR organisent le 13 mars une projection du film \u201cLe Moine et la Sorci\u00e8re\u201d (1987).<\/p>\n\n\n\n<p>Plus d&rsquo;informations sur l\u2019\u00e9v\u00e9nement : <a class=\"css-1jxf684 r-bcqeeo r-1ttztb7 r-qvutc0 r-poiln3 r-1loqt21\" href=\"https:\/\/t.co\/niBEaUQwVd\" target=\"_blank\" rel=\"noreferrer noopener\">https:\/\/cesr.univ-tours.fr\/centre-detudes-superieures-de-la-renaissance\/manifestations\/cine-debat-le-moine-et-la-sorciere-1987<\/a><\/p>\n\n\n\n<figure class=\"wp-block-image size-large\"><img loading=\"lazy\" decoding=\"async\" width=\"903\" height=\"1024\" src=\"https:\/\/tassadanslesmyriades.fr\/wp-content\/uploads\/2024\/08\/img_1690-1-903x1024.jpg\" alt=\"\" class=\"wp-image-789\" title=\"Triangle pointant vers la droite\" srcset=\"https:\/\/tassadanslesmyriades.fr\/wp-content\/uploads\/2024\/08\/img_1690-1-903x1024.jpg 903w, https:\/\/tassadanslesmyriades.fr\/wp-content\/uploads\/2024\/08\/img_1690-1-264x300.jpg 264w, https:\/\/tassadanslesmyriades.fr\/wp-content\/uploads\/2024\/08\/img_1690-1-768x871.jpg 768w, https:\/\/tassadanslesmyriades.fr\/wp-content\/uploads\/2024\/08\/img_1690-1-1354x1536.jpg 1354w, https:\/\/tassadanslesmyriades.fr\/wp-content\/uploads\/2024\/08\/img_1690-1.jpg 1763w\" sizes=\"auto, (max-width: 903px) 100vw, 903px\" \/><\/figure>\n\n\n\n<hr class=\"wp-block-separator has-alpha-channel-opacity\"\/>\n\n\n\n<figure class=\"wp-block-image aligncenter size-large\"><img loading=\"lazy\" decoding=\"async\" width=\"679\" height=\"1024\" src=\"https:\/\/tassadanslesmyriades.fr\/wp-content\/uploads\/2024\/08\/img_1691-1-679x1024.jpg\" alt=\"\" class=\"wp-image-790\" srcset=\"https:\/\/tassadanslesmyriades.fr\/wp-content\/uploads\/2024\/08\/img_1691-1-679x1024.jpg 679w, https:\/\/tassadanslesmyriades.fr\/wp-content\/uploads\/2024\/08\/img_1691-1-199x300.jpg 199w, https:\/\/tassadanslesmyriades.fr\/wp-content\/uploads\/2024\/08\/img_1691-1-768x1157.jpg 768w, https:\/\/tassadanslesmyriades.fr\/wp-content\/uploads\/2024\/08\/img_1691-1-1019x1536.jpg 1019w, https:\/\/tassadanslesmyriades.fr\/wp-content\/uploads\/2024\/08\/img_1691-1.jpg 1284w\" sizes=\"auto, (max-width: 679px) 100vw, 679px\" \/><\/figure>\n\n\n\n<hr class=\"wp-block-separator has-alpha-channel-opacity\"\/>\n\n\n\n<p><a href=\"https:\/\/x.com\/HistoryChroniq\/status\/1760323975278666181\" class=\"css-1jxf684 r-bcqeeo r-1ttztb7 r-qvutc0 r-poiln3 r-xoduu5 r-1q142lx r-1w6e6rj r-9aw3ui r-3s2u2q r-1loqt21\"><time datetime=\"2024-02-21T15:21:55.000Z\">4:21 PM \u00b7 21 f\u00e9vr. 2024<\/time><\/a><\/p>\n\n\n\n<p>300 vues<\/p>\n\n\n\n<p>Hey! J\u2019anime un Atelier \u00e0 la Mairie du 13e, samedi 24 f\u00e9vrier (17h-18h) pour Asiatittudes<\/p>\n\n\n\n<figure class=\"wp-block-image aligncenter size-large\"><img loading=\"lazy\" decoding=\"async\" width=\"807\" height=\"1024\" src=\"https:\/\/tassadanslesmyriades.fr\/wp-content\/uploads\/2024\/08\/img_1693-1-807x1024.jpg\" alt=\"\" class=\"wp-image-792\" title=\"Punaise ronde\" srcset=\"https:\/\/tassadanslesmyriades.fr\/wp-content\/uploads\/2024\/08\/img_1693-1-807x1024.jpg 807w, https:\/\/tassadanslesmyriades.fr\/wp-content\/uploads\/2024\/08\/img_1693-1-236x300.jpg 236w, https:\/\/tassadanslesmyriades.fr\/wp-content\/uploads\/2024\/08\/img_1693-1-768x975.jpg 768w, https:\/\/tassadanslesmyriades.fr\/wp-content\/uploads\/2024\/08\/img_1693-1.jpg 1192w\" sizes=\"auto, (max-width: 807px) 100vw, 807px\" \/><\/figure>\n\n\n\n<p>R\u00e9servez en MP<\/p>\n\n\n\n<p>Qu\u2019y faire? Dessiner un paysage concret, r\u00eav\u00e9, fantasm\u00e9, imagin\u00e9<\/p>\n\n\n\n<figure class=\"wp-block-image size-large\"><img loading=\"lazy\" decoding=\"async\" width=\"720\" height=\"901\" src=\"https:\/\/tassadanslesmyriades.fr\/wp-content\/uploads\/2024\/08\/img_1692-1.jpg\" alt=\"\" class=\"wp-image-791\" title=\"Loupe pointant vers la gauche\" srcset=\"https:\/\/tassadanslesmyriades.fr\/wp-content\/uploads\/2024\/08\/img_1692-1.jpg 720w, https:\/\/tassadanslesmyriades.fr\/wp-content\/uploads\/2024\/08\/img_1692-1-240x300.jpg 240w\" sizes=\"auto, (max-width: 720px) 100vw, 720px\" \/><\/figure>\n\n\n\n<p>Pas besoin d\u2019apporter quoique ce soit. Pour organiser d\u2019autres ateliers en Touraine \u00e9crivez-moi<\/p>\n\n\n\n<hr class=\"wp-block-separator has-alpha-channel-opacity\"\/>\n\n\n\n<figure class=\"wp-block-image aligncenter size-large\"><img loading=\"lazy\" decoding=\"async\" width=\"813\" height=\"1024\" src=\"https:\/\/tassadanslesmyriades.fr\/wp-content\/uploads\/2024\/08\/img_1694-1-813x1024.jpg\" alt=\"\" class=\"wp-image-793\" srcset=\"https:\/\/tassadanslesmyriades.fr\/wp-content\/uploads\/2024\/08\/img_1694-1-813x1024.jpg 813w, https:\/\/tassadanslesmyriades.fr\/wp-content\/uploads\/2024\/08\/img_1694-1-238x300.jpg 238w, https:\/\/tassadanslesmyriades.fr\/wp-content\/uploads\/2024\/08\/img_1694-1-768x968.jpg 768w, https:\/\/tassadanslesmyriades.fr\/wp-content\/uploads\/2024\/08\/img_1694-1-1219x1536.jpg 1219w, https:\/\/tassadanslesmyriades.fr\/wp-content\/uploads\/2024\/08\/img_1694-1.jpg 1284w\" sizes=\"auto, (max-width: 813px) 100vw, 813px\" \/><figcaption class=\"wp-element-caption\">Tweet de Lizarewind<\/figcaption><\/figure>\n\n\n\n<p><a href=\"https:\/\/ehne.fr\/fr\/encyclopedie\/th%C3%A9matiques\/%C3%A9cologies-et-environnements\/non-humains\/l%E2%80%99herbier%C2%A0-un-instrument-du-contr%C3%B4le-de-la-nature-xvie-xviiie-si%C3%A8cle\">https:\/\/ehne.fr\/fr\/encyclopedie\/th%C3%A9matiques\/%C3%A9cologies-et-environnements\/non-humains\/l%E2%80%99herbier%C2%A0-un-instrument-du-contr%C3%B4le-de-la-nature-xvie-xviiie-si%C3%A8cle<\/a><\/p>\n\n\n\n<figure class=\"wp-block-image alignright size-large\"><img loading=\"lazy\" decoding=\"async\" width=\"817\" height=\"1024\" src=\"https:\/\/tassadanslesmyriades.fr\/wp-content\/uploads\/2024\/08\/img_1695-1-817x1024.jpg\" class=\"wp-image-795\" srcset=\"https:\/\/tassadanslesmyriades.fr\/wp-content\/uploads\/2024\/08\/img_1695-1-817x1024.jpg 817w, https:\/\/tassadanslesmyriades.fr\/wp-content\/uploads\/2024\/08\/img_1695-1-239x300.jpg 239w, https:\/\/tassadanslesmyriades.fr\/wp-content\/uploads\/2024\/08\/img_1695-1-768x962.jpg 768w, https:\/\/tassadanslesmyriades.fr\/wp-content\/uploads\/2024\/08\/img_1695-1-1226x1536.jpg 1226w, https:\/\/tassadanslesmyriades.fr\/wp-content\/uploads\/2024\/08\/img_1695-1.jpg 1284w\" sizes=\"auto, (max-width: 817px) 100vw, 817px\" \/><figcaption class=\"wp-element-caption\">Tweet de Sorbonne Digital Encylopedia<\/figcaption><\/figure>\n\n\n\n<hr class=\"wp-block-separator has-alpha-channel-opacity\"\/>\n\n\n\n<p><a class=\"css-1jxf684 r-bcqeeo r-1ttztb7 r-qvutc0 r-poiln3 r-xoduu5 r-1q142lx r-1w6e6rj r-9aw3ui r-3s2u2q r-1loqt21\" href=\"https:\/\/x.com\/HistoryChroniq\/status\/1737131914450887054\"><time datetime=\"2023-12-19T15:24:57.000Z\">4:24 PM \u00b7 19 d\u00e9c. 2023<\/time><\/a> 157 vues<\/p>\n\n\n\n<p>Demain Journ\u00e9e d\u2019\u00e9tudes \u00e0 la <a class=\"css-1jxf684 r-bcqeeo r-1ttztb7 r-qvutc0 r-poiln3 r-1loqt21\" href=\"https:\/\/x.com\/hashtag\/BnF?src=hashtag_click\">#BnF<\/a> salle 70 sur la \u00ab&nbsp;re&nbsp;\u00bb-m\u00e9diation, le passage de l\u2019imprim\u00e9 ou manuscrit \u00e0 une copie num\u00e9rique (dans mon cas, des herbiers et autres trait\u00e9s d\u2019histoire naturelle)<\/p>\n\n\n\n<figure class=\"wp-block-image size-large\"><img loading=\"lazy\" decoding=\"async\" width=\"1024\" height=\"768\" src=\"https:\/\/tassadanslesmyriades.fr\/wp-content\/uploads\/2024\/08\/img_1696-1-1024x768.jpg\" class=\"wp-image-796\" title=\"Herbe\" srcset=\"https:\/\/tassadanslesmyriades.fr\/wp-content\/uploads\/2024\/08\/img_1696-1-1024x768.jpg 1024w, https:\/\/tassadanslesmyriades.fr\/wp-content\/uploads\/2024\/08\/img_1696-1-300x225.jpg 300w, https:\/\/tassadanslesmyriades.fr\/wp-content\/uploads\/2024\/08\/img_1696-1-768x576.jpg 768w, https:\/\/tassadanslesmyriades.fr\/wp-content\/uploads\/2024\/08\/img_1696-1-1536x1152.jpg 1536w, https:\/\/tassadanslesmyriades.fr\/wp-content\/uploads\/2024\/08\/img_1696-1.jpg 2000w\" sizes=\"auto, (max-width: 1024px) 100vw, 1024px\" \/><\/figure>\n\n\n\n<p>Je corrige ma pr\u00e9sentation depuis le bureau \u00e0 la BnF envahi de livres<\/p>\n\n\n\n<hr class=\"wp-block-separator has-alpha-channel-opacity\"\/>\n\n\n\n<p>En cours d\u2019archivage \u2026<\/p>\n","protected":false},"excerpt":{"rendered":"<p>Ici j\u2019archive mes tweets marquants. 5:10 PM \u00b7 25 juil. 2024 83 vues Un \u00e9t\u00e9 de r\u00e9daction intense. Entrecoup\u00e9 de petites notices, dont les Br\u00e8ves de racine, sur mon carnet de recherche Hypoth\u00e8ses : https:\/\/histoiresnat.hypotheses.org Dans lequel j\u2019accumule des petites notes. Graines sem\u00e9es ici et l\u00e0. Pour plus tard. Cela me manquait de les publier [&hellip;]<\/p>\n","protected":false},"author":1,"featured_media":0,"comment_status":"open","ping_status":"closed","sticky":false,"template":"","format":"standard","meta":{"footnotes":""},"categories":[11],"tags":[69],"class_list":["post-750","post","type-post","status-publish","format-standard","hentry","category-daily-logs","tag-archives"],"_links":{"self":[{"href":"https:\/\/tassadanslesmyriades.fr\/index.php?rest_route=\/wp\/v2\/posts\/750","targetHints":{"allow":["GET"]}}],"collection":[{"href":"https:\/\/tassadanslesmyriades.fr\/index.php?rest_route=\/wp\/v2\/posts"}],"about":[{"href":"https:\/\/tassadanslesmyriades.fr\/index.php?rest_route=\/wp\/v2\/types\/post"}],"author":[{"embeddable":true,"href":"https:\/\/tassadanslesmyriades.fr\/index.php?rest_route=\/wp\/v2\/users\/1"}],"replies":[{"embeddable":true,"href":"https:\/\/tassadanslesmyriades.fr\/index.php?rest_route=%2Fwp%2Fv2%2Fcomments&post=750"}],"version-history":[{"count":4,"href":"https:\/\/tassadanslesmyriades.fr\/index.php?rest_route=\/wp\/v2\/posts\/750\/revisions"}],"predecessor-version":[{"id":797,"href":"https:\/\/tassadanslesmyriades.fr\/index.php?rest_route=\/wp\/v2\/posts\/750\/revisions\/797"}],"wp:attachment":[{"href":"https:\/\/tassadanslesmyriades.fr\/index.php?rest_route=%2Fwp%2Fv2%2Fmedia&parent=750"}],"wp:term":[{"taxonomy":"category","embeddable":true,"href":"https:\/\/tassadanslesmyriades.fr\/index.php?rest_route=%2Fwp%2Fv2%2Fcategories&post=750"},{"taxonomy":"post_tag","embeddable":true,"href":"https:\/\/tassadanslesmyriades.fr\/index.php?rest_route=%2Fwp%2Fv2%2Ftags&post=750"}],"curies":[{"name":"wp","href":"https:\/\/api.w.org\/{rel}","templated":true}]}}