{"id":840,"date":"2024-09-16T15:47:08","date_gmt":"2024-09-16T15:47:08","guid":{"rendered":"https:\/\/tassadanslesmyriades.fr\/?p=840"},"modified":"2024-09-16T15:47:08","modified_gmt":"2024-09-16T15:47:08","slug":"20240916_dailylog","status":"publish","type":"post","link":"https:\/\/tassadanslesmyriades.fr\/?p=840","title":{"rendered":"20240916_dailylog"},"content":{"rendered":"\n<p>Les derni\u00e8res choses dont je suis fi\u00e8re et pour laquelle j\u2019ai de la gratitude :<\/p>\n\n\n\n<ul class=\"wp-block-list\">\n<li> Je viens de me faire une tasse de matcha au miel \ud83c\udf6f <\/li>\n<\/ul>\n\n\n\n<ul class=\"wp-block-list\">\n<li>J\u2019ai cuisin\u00e9 une tarte aux blettes \u00e0 la b\u00e9chamel maison (les blettes viennent de mon jardin potager)<\/li>\n<\/ul>\n\n\n\n<figure class=\"wp-block-image aligncenter size-large\"><img loading=\"lazy\" decoding=\"async\" width=\"768\" height=\"1024\" src=\"https:\/\/tassadanslesmyriades.fr\/wp-content\/uploads\/2024\/09\/img_1909-1-768x1024.jpg\" class=\"wp-image-838\" srcset=\"https:\/\/tassadanslesmyriades.fr\/wp-content\/uploads\/2024\/09\/img_1909-1-768x1024.jpg 768w, https:\/\/tassadanslesmyriades.fr\/wp-content\/uploads\/2024\/09\/img_1909-1-225x300.jpg 225w, https:\/\/tassadanslesmyriades.fr\/wp-content\/uploads\/2024\/09\/img_1909-1-1152x1536.jpg 1152w, https:\/\/tassadanslesmyriades.fr\/wp-content\/uploads\/2024\/09\/img_1909-1.jpg 1500w\" sizes=\"auto, (max-width: 768px) 100vw, 768px\" \/><figcaption class=\"wp-element-caption\">Blettes qui poussent dans un carr\u00e9 du jardin potager <\/figcaption><\/figure>\n\n\n\n<figure class=\"wp-block-image size-large\"><img loading=\"lazy\" decoding=\"async\" width=\"1024\" height=\"1024\" src=\"https:\/\/tassadanslesmyriades.fr\/wp-content\/uploads\/2024\/09\/hmoriginal-1d229ba5-2c79-4607-a7e0-e17f77b3bddc-1-1024x1024.jpg\" class=\"wp-image-839\" srcset=\"https:\/\/tassadanslesmyriades.fr\/wp-content\/uploads\/2024\/09\/hmoriginal-1d229ba5-2c79-4607-a7e0-e17f77b3bddc-1-1024x1024.jpg 1024w, https:\/\/tassadanslesmyriades.fr\/wp-content\/uploads\/2024\/09\/hmoriginal-1d229ba5-2c79-4607-a7e0-e17f77b3bddc-1-300x300.jpg 300w, https:\/\/tassadanslesmyriades.fr\/wp-content\/uploads\/2024\/09\/hmoriginal-1d229ba5-2c79-4607-a7e0-e17f77b3bddc-1-150x150.jpg 150w, https:\/\/tassadanslesmyriades.fr\/wp-content\/uploads\/2024\/09\/hmoriginal-1d229ba5-2c79-4607-a7e0-e17f77b3bddc-1-768x768.jpg 768w, https:\/\/tassadanslesmyriades.fr\/wp-content\/uploads\/2024\/09\/hmoriginal-1d229ba5-2c79-4607-a7e0-e17f77b3bddc-1-1536x1536.jpg 1536w, https:\/\/tassadanslesmyriades.fr\/wp-content\/uploads\/2024\/09\/hmoriginal-1d229ba5-2c79-4607-a7e0-e17f77b3bddc-1.jpg 2000w\" sizes=\"auto, (max-width: 1024px) 100vw, 1024px\" \/><figcaption class=\"wp-element-caption\">La tarte aux blettes que j\u2019ai faite <\/figcaption><\/figure>\n\n\n\n<div id=\"ez-toc-container\" class=\"ez-toc-v2_0_82_2 counter-hierarchy ez-toc-counter ez-toc-grey ez-toc-container-direction\">\r\n<div class=\"ez-toc-title-container\">\r\n<p class=\"ez-toc-title\" style=\"cursor:inherit\">Table of Contents<\/p>\r\n<span class=\"ez-toc-title-toggle\"><a href=\"#\" class=\"ez-toc-pull-right ez-toc-btn ez-toc-btn-xs ez-toc-btn-default ez-toc-toggle\" aria-label=\"Toggle Table of Content\"><span class=\"ez-toc-js-icon-con\"><span class=\"\"><span class=\"eztoc-hide\" style=\"display:none;\">Toggle<\/span><span class=\"ez-toc-icon-toggle-span\"><svg style=\"fill: #999;color:#999\" xmlns=\"http:\/\/www.w3.org\/2000\/svg\" class=\"list-377408\" width=\"20px\" height=\"20px\" viewBox=\"0 0 24 24\" fill=\"none\"><path d=\"M6 6H4v2h2V6zm14 0H8v2h12V6zM4 11h2v2H4v-2zm16 0H8v2h12v-2zM4 16h2v2H4v-2zm16 0H8v2h12v-2z\" fill=\"currentColor\"><\/path><\/svg><svg style=\"fill: #999;color:#999\" class=\"arrow-unsorted-368013\" xmlns=\"http:\/\/www.w3.org\/2000\/svg\" width=\"10px\" height=\"10px\" viewBox=\"0 0 24 24\" version=\"1.2\" baseProfile=\"tiny\"><path d=\"M18.2 9.3l-6.2-6.3-6.2 6.3c-.2.2-.3.4-.3.7s.1.5.3.7c.2.2.4.3.7.3h11c.3 0 .5-.1.7-.3.2-.2.3-.5.3-.7s-.1-.5-.3-.7zM5.8 14.7l6.2 6.3 6.2-6.3c.2-.2.3-.5.3-.7s-.1-.5-.3-.7c-.2-.2-.4-.3-.7-.3h-11c-.3 0-.5.1-.7.3-.2.2-.3.5-.3.7s.1.5.3.7z\"\/><\/svg><\/span><\/span><\/span><\/a><\/span><\/div>\r\n<nav><ul class='ez-toc-list ez-toc-list-level-1 ' ><li class='ez-toc-page-1 ez-toc-heading-level-2'><a class=\"ez-toc-link ez-toc-heading-1\" href=\"https:\/\/tassadanslesmyriades.fr\/?p=840\/#La_recette_de_la_tarte_aux_blettes\" >La recette de la tarte aux blettes<\/a><\/li><li class='ez-toc-page-1 ez-toc-heading-level-2'><a class=\"ez-toc-link ez-toc-heading-2\" href=\"https:\/\/tassadanslesmyriades.fr\/?p=840\/#Sinon\" >Sinon<\/a><\/li><li class='ez-toc-page-1 ez-toc-heading-level-2'><a class=\"ez-toc-link ez-toc-heading-3\" href=\"https:\/\/tassadanslesmyriades.fr\/?p=840\/#Aujourdhui\" >Aujourd\u2019hui<\/a><\/li><li class='ez-toc-page-1 ez-toc-heading-level-2'><a class=\"ez-toc-link ez-toc-heading-4\" href=\"https:\/\/tassadanslesmyriades.fr\/?p=840\/#Mais_bon_en_meme_temps\" >Mais bon en m\u00eame temps<\/a><\/li><li class='ez-toc-page-1 ez-toc-heading-level-2'><a class=\"ez-toc-link ez-toc-heading-5\" href=\"https:\/\/tassadanslesmyriades.fr\/?p=840\/#Les_photos_%E2%80%93_Pixelfed\" >Les photos &#8211; Pixelfed<\/a><\/li><\/ul><\/nav><\/div>\r\n<h2 class=\"wp-block-heading\"><span class=\"ez-toc-section\" id=\"La_recette_de_la_tarte_aux_blettes\"><\/span>La recette de la tarte aux blettes <span class=\"ez-toc-section-end\"><\/span><\/h2>\n\n\n\n<p>Des blettes cuites \u00e0 la vapeur <\/p>\n\n\n\n<p>Une p\u00e2te \u00e0 tarte bris\u00e9e <\/p>\n\n\n\n<p>De la farine m\u00e9lang\u00e9e dans de la sauce \u00e0 gratin v\u00e9gane <\/p>\n\n\n\n<p>Du gruy\u00e8re \ud83e\uddc0 v\u00e9g\u00e9 ou pas dans la sauce <\/p>\n\n\n\n<p>De la noix de muscade <\/p>\n\n\n\n<p>Du sel et des herbes genre thym <\/p>\n\n\n\n<p>Apr\u00e8s avoir pr\u00e9cuit la p\u00e2te \u00e0 tarte 10min (apr\u00e8s un pr\u00e9chauffage du four de 10min \u00e9galement) \u00e0 180, ajoutez la sauce b\u00e9chamel et les feuilles de blette cuites \u00e0 la vapeur. Ajoutez du r\u00e2p\u00e9 fromag\u00e9 au-dessus. <\/p>\n\n\n\n<p>Remettez au four pendant 15min. <\/p>\n\n\n\n<p>V\u00e9rifiez que le tout dore bien. <\/p>\n\n\n\n<p>Et miam <\/p>\n\n\n\n<p>#TeamV\u00e9g\u00e9 qui mange des produits laitiers <\/p>\n\n\n\n<h2 class=\"wp-block-heading\"><span class=\"ez-toc-section\" id=\"Sinon\"><\/span>Sinon <span class=\"ez-toc-section-end\"><\/span><\/h2>\n\n\n\n<p>J\u2019ai pr\u00e9par\u00e9 des cours, que d\u00e9sormais je ne suis m\u00eame pas s\u00fbre de donner car l\u2019\u00e9cole doctorale me met des b\u00e2tons dans les roues. <\/p>\n\n\n\n<p>J\u2019ai pr\u00e9par\u00e9 un atelier. <\/p>\n\n\n\n<p>J\u2019ai lu 250 pages de bouquins pour la th\u00e8se et pr\u00e9parer les cours. <\/p>\n\n\n\n<p>J\u2019ai corrig\u00e9 deux articles, dont un m\u2019est revenu \u00e0 corriger de nouveau. <\/p>\n\n\n\n<p>J\u2019ai pr\u00e9par\u00e9 une table ronde sur l\u2019inclusion dans laquelle je vais t\u00e9moigner. <\/p>\n\n\n\n<p>J\u2019ai r\u00e9dig\u00e9 des trucs \u00e0 droite \u00e0 gauche. <\/p>\n\n\n\n<p>J\u2019ai pass\u00e9 de bons moments ce week-end avec ami\u2022es et famille. Je suis all\u00e9e \u00e0 la braderie de Tours avec ma canne et mon tote bag favori, j\u2019ai trouv\u00e9 des pantalons pas chers car j\u2019en manquais. J\u2019ai aussi \u00e9t\u00e9 \u00e0 un march\u00e9 aux tissus et j\u2019ai ador\u00e9. Il faut que je me mette \u00e0 la couture. <\/p>\n\n\n\n<p>J\u2019ai pass\u00e9 tout mon apr\u00e8s-midi du lundi \u00e0 refaire mon dossier pour ma r\u00e9inscription en th\u00e8se \u2026 pour la 5e fois parce que l\u2019\u00e9cole doctorale a fait un sale coup. <\/p>\n\n\n\n<h2 class=\"wp-block-heading\"><span class=\"ez-toc-section\" id=\"Aujourdhui\"><\/span>Aujourd\u2019hui <span class=\"ez-toc-section-end\"><\/span><\/h2>\n\n\n\n<p>Aujourd\u2019hui j\u2019ai envie de pleurer. Je suis tr\u00e8s tr\u00e8s d\u00e9prim\u00e9e. Je n\u2019en peux plus de devoir justifier tout le temps ma pr\u00e9carit\u00e9 et mon handicap. <\/p>\n\n\n\n<h2 class=\"wp-block-heading\"><span class=\"ez-toc-section\" id=\"Mais_bon_en_meme_temps\"><\/span>Mais bon en m\u00eame temps<span class=\"ez-toc-section-end\"><\/span><\/h2>\n\n\n\n<p>J\u2019ai quand m\u00eame \u00e9cout\u00e9 &#8211; vu &#8211; lu :<\/p>\n\n\n\n<ul class=\"wp-block-list\">\n<li>les gens qui doutent (podcast) <a href=\"https:\/\/pca.st\/episode\/d17d920b-8ac3-4d7f-a210-ec9a6c06e7e9\">https:\/\/pca.st\/episode\/d17d920b-8ac3-4d7f-a210-ec9a6c06e7e9<\/a><\/li>\n\n\n\n<li>La derni\u00e8re : <a href=\"https:\/\/pca.st\/episode\/997498c2-2ed9-442a-b6e0-57c97ea4886c\">https:\/\/pca.st\/episode\/997498c2-2ed9-442a-b6e0-57c97ea4886c<\/a><\/li>\n\n\n\n<li>La maison de Natoo : <a href=\"https:\/\/youtu.be\/2vCCoSXTnsY\">https:\/\/youtu.be\/2vCCoSXTnsY<\/a><\/li>\n\n\n\n<li>Le Zevent 2024 &#8211; m\u00eame si des gens ont <strong><em>cancel <\/em><\/strong>l\u2019\u00e9v\u00e9nement, c\u2019est malheureusement pas mal ma came, m\u00eame si quelques petites choses \u00e9taient g\u00eanantes. Je commence \u00e0 remarquer que je ne supporte plus forc\u00e9ment une certaine <em>cancel culture <\/em>tandis que je suis moi-m\u00eame souvent en train de condamner les gens pour leurs actes. Je n\u2019arrive pas trouver l\u2019\u00e9quilibre. Je pr\u00e9f\u00e8re qu\u2019on me laisse tranquille \u00e0 r\u00e9fl\u00e9chir sur ce sujet. <\/li>\n\n\n\n<li>Des vid\u00e9os sur Debian <\/li>\n\n\n\n<li>J\u2019ai acquis un nouveau PC Gamer pour jouer et je ne pourrais installer Debian sur celui que dans 2 ans apr\u00e8s la garantie. Je peux faire toutes mes cr\u00e9ations multim\u00e9dia dessus. <\/li>\n<\/ul>\n\n\n\n<h2 class=\"wp-block-heading\"><span class=\"ez-toc-section\" id=\"Les_photos_%E2%80%93_Pixelfed\"><\/span>Les photos &#8211; Pixelfed<span class=\"ez-toc-section-end\"><\/span><\/h2>\n\n\n\n<p>Voici les pommes de terre qu\u2019on a r\u00e9colt\u00e9es au jardin : <a href=\"https:\/\/pixelfed.fr\/p\/Lesmyriades\/740871213689516673\">https:\/\/pixelfed.fr\/p\/Lesmyriades\/740871213689516673<\/a><\/p>\n\n\n\n<p>Voici la serre avec ma chienne : <a href=\"https:\/\/pixelfed.fr\/p\/Lesmyriades\/740872016602866361\">https:\/\/pixelfed.fr\/p\/Lesmyriades\/740872016602866361<\/a><\/p>\n\n\n\n<p>Voici mon bureau : <a href=\"https:\/\/pixelfed.fr\/p\/Lesmyriades\/739828481328584826\">https:\/\/pixelfed.fr\/p\/Lesmyriades\/739828481328584826<\/a><\/p>\n\n\n\n<p>Voici ce que j\u2019ai fait derni\u00e8rement : <a href=\"https:\/\/pixelfed.fr\/p\/Lesmyriades\/739752679658886123\">https:\/\/pixelfed.fr\/p\/Lesmyriades\/739752679658886123<\/a><\/p>\n\n\n\n<p>Et aussi la peinture est termin\u00e9e dans la maison !! <a href=\"https:\/\/pixelfed.fr\/p\/Lesmyriades\/737246698248065634\">https:\/\/pixelfed.fr\/p\/Lesmyriades\/737246698248065634<\/a> et <a href=\"https:\/\/pixelfed.fr\/p\/Lesmyriades\/737241223119880445\">https:\/\/pixelfed.fr\/p\/Lesmyriades\/737241223119880445<\/a><\/p>\n\n\n\n<p> Bonne semaine. <\/p>\n\n\n\n<p>Tassa<\/p>\n","protected":false},"excerpt":{"rendered":"<p>Les derni\u00e8res choses dont je suis fi\u00e8re et pour laquelle j\u2019ai de la gratitude : La recette de la tarte aux blettes Des blettes cuites \u00e0 la vapeur Une p\u00e2te \u00e0 tarte bris\u00e9e De la farine m\u00e9lang\u00e9e dans de la sauce \u00e0 gratin v\u00e9gane Du gruy\u00e8re \ud83e\uddc0 v\u00e9g\u00e9 ou pas dans la sauce De la [&hellip;]<\/p>\n","protected":false},"author":1,"featured_media":0,"comment_status":"open","ping_status":"closed","sticky":false,"template":"","format":"standard","meta":{"footnotes":""},"categories":[11],"tags":[12],"class_list":["post-840","post","type-post","status-publish","format-standard","hentry","category-daily-logs","tag-billet-quotidien"],"_links":{"self":[{"href":"https:\/\/tassadanslesmyriades.fr\/index.php?rest_route=\/wp\/v2\/posts\/840","targetHints":{"allow":["GET"]}}],"collection":[{"href":"https:\/\/tassadanslesmyriades.fr\/index.php?rest_route=\/wp\/v2\/posts"}],"about":[{"href":"https:\/\/tassadanslesmyriades.fr\/index.php?rest_route=\/wp\/v2\/types\/post"}],"author":[{"embeddable":true,"href":"https:\/\/tassadanslesmyriades.fr\/index.php?rest_route=\/wp\/v2\/users\/1"}],"replies":[{"embeddable":true,"href":"https:\/\/tassadanslesmyriades.fr\/index.php?rest_route=%2Fwp%2Fv2%2Fcomments&post=840"}],"version-history":[{"count":0,"href":"https:\/\/tassadanslesmyriades.fr\/index.php?rest_route=\/wp\/v2\/posts\/840\/revisions"}],"wp:attachment":[{"href":"https:\/\/tassadanslesmyriades.fr\/index.php?rest_route=%2Fwp%2Fv2%2Fmedia&parent=840"}],"wp:term":[{"taxonomy":"category","embeddable":true,"href":"https:\/\/tassadanslesmyriades.fr\/index.php?rest_route=%2Fwp%2Fv2%2Fcategories&post=840"},{"taxonomy":"post_tag","embeddable":true,"href":"https:\/\/tassadanslesmyriades.fr\/index.php?rest_route=%2Fwp%2Fv2%2Ftags&post=840"}],"curies":[{"name":"wp","href":"https:\/\/api.w.org\/{rel}","templated":true}]}}