{"id":845,"date":"2024-09-25T08:47:23","date_gmt":"2024-09-25T08:47:23","guid":{"rendered":"https:\/\/tassadanslesmyriades.fr\/?p=845"},"modified":"2024-09-25T08:47:23","modified_gmt":"2024-09-25T08:47:23","slug":"20240925_dailylog","status":"publish","type":"post","link":"https:\/\/tassadanslesmyriades.fr\/?p=845","title":{"rendered":"20240925_dailylog"},"content":{"rendered":"\n<div id=\"ez-toc-container\" class=\"ez-toc-v2_0_82_2 counter-hierarchy ez-toc-counter ez-toc-grey ez-toc-container-direction\">\r\n<div class=\"ez-toc-title-container\">\r\n<p class=\"ez-toc-title\" style=\"cursor:inherit\">Table of Contents<\/p>\r\n<span class=\"ez-toc-title-toggle\"><a href=\"#\" class=\"ez-toc-pull-right ez-toc-btn ez-toc-btn-xs ez-toc-btn-default ez-toc-toggle\" aria-label=\"Toggle Table of Content\"><span class=\"ez-toc-js-icon-con\"><span class=\"\"><span class=\"eztoc-hide\" style=\"display:none;\">Toggle<\/span><span class=\"ez-toc-icon-toggle-span\"><svg style=\"fill: #999;color:#999\" xmlns=\"http:\/\/www.w3.org\/2000\/svg\" class=\"list-377408\" width=\"20px\" height=\"20px\" viewBox=\"0 0 24 24\" fill=\"none\"><path d=\"M6 6H4v2h2V6zm14 0H8v2h12V6zM4 11h2v2H4v-2zm16 0H8v2h12v-2zM4 16h2v2H4v-2zm16 0H8v2h12v-2z\" fill=\"currentColor\"><\/path><\/svg><svg style=\"fill: #999;color:#999\" class=\"arrow-unsorted-368013\" xmlns=\"http:\/\/www.w3.org\/2000\/svg\" width=\"10px\" height=\"10px\" viewBox=\"0 0 24 24\" version=\"1.2\" baseProfile=\"tiny\"><path d=\"M18.2 9.3l-6.2-6.3-6.2 6.3c-.2.2-.3.4-.3.7s.1.5.3.7c.2.2.4.3.7.3h11c.3 0 .5-.1.7-.3.2-.2.3-.5.3-.7s-.1-.5-.3-.7zM5.8 14.7l6.2 6.3 6.2-6.3c.2-.2.3-.5.3-.7s-.1-.5-.3-.7c-.2-.2-.4-.3-.7-.3h-11c-.3 0-.5.1-.7.3-.2.2-.3.5-.3.7s.1.5.3.7z\"\/><\/svg><\/span><\/span><\/span><\/a><\/span><\/div>\r\n<nav><ul class='ez-toc-list ez-toc-list-level-1 ' ><li class='ez-toc-page-1 ez-toc-heading-level-2'><a class=\"ez-toc-link ez-toc-heading-1\" href=\"https:\/\/tassadanslesmyriades.fr\/?p=845\/#Alors_alors\" >Alors alors<\/a><\/li><li class='ez-toc-page-1 ez-toc-heading-level-2'><a class=\"ez-toc-link ez-toc-heading-2\" href=\"https:\/\/tassadanslesmyriades.fr\/?p=845\/#Sur_Pixelfed\" >Sur Pixelfed<\/a><\/li><li class='ez-toc-page-1 ez-toc-heading-level-2'><a class=\"ez-toc-link ez-toc-heading-3\" href=\"https:\/\/tassadanslesmyriades.fr\/?p=845\/#Jai_ecoute\" >J\u2019ai \u00e9cout\u00e9<\/a><\/li><li class='ez-toc-page-1 ez-toc-heading-level-2'><a class=\"ez-toc-link ez-toc-heading-4\" href=\"https:\/\/tassadanslesmyriades.fr\/?p=845\/#regarde_ca\" >regarde \u00e7a :<\/a><\/li><\/ul><\/nav><\/div>\r\n<h2 class=\"wp-block-heading\"><span class=\"ez-toc-section\" id=\"Alors_alors\"><\/span>Alors alors<span class=\"ez-toc-section-end\"><\/span><\/h2>\n\n\n\n<p>Je r\u00e9vise le programme d\u2019histoire g\u00e9ographie de troisi\u00e8me ! 14-18, la France de 1945 jusqu\u2019en 1991 et l\u2019Union europ\u00e9enne. Les dynamiques sociales. Le monde le monde ne fait que tourner. \u00c7a fait devenir fou. Oui j\u2019ai d\u00e9j\u00e0 obtenu le capes en 2018. Oui j\u2019ai d\u00e9mission\u00e9, mais je compte revenir un jour \u00e0 l\u2019EN. J\u2019enseigne autrement pour reste proche des nouvelles g\u00e9n\u00e9rations.&nbsp;<\/p>\n\n\n\n<h2 class=\"wp-block-heading\"><span class=\"ez-toc-section\" id=\"Sur_Pixelfed\"><\/span>Sur Pixelfed <span class=\"ez-toc-section-end\"><\/span><\/h2>\n\n\n\n<p>J\u2019ai partag\u00e9 ma r\u00e9colte de l\u00e9gumes au potager : <a href=\"https:\/\/pixelfed.fr\/p\/Lesmyriades\/744225173728042211\">https:\/\/pixelfed.fr\/p\/Lesmyriades\/744225173728042211<\/a><\/p>\n\n\n\n<p>Le soir on a fait une raclette en famille, moi juste du fromage et mon jambon v\u00e9g\u00e9tarien avec nos pommes de terre du jardin. <\/p>\n\n\n\n<h2 class=\"wp-block-heading\"><span class=\"ez-toc-section\" id=\"Jai_ecoute\"><\/span>J\u2019ai \u00e9cout\u00e9<span class=\"ez-toc-section-end\"><\/span><\/h2>\n\n\n\n<ul class=\"wp-block-list has-list-bullet\">\n<li>\u00ab\u00a0Proc\u00e8s de Mazan : et si les hommes se sentaient enfin concern\u00e9s ? \u00ab\u00a0, sur Radio France.\u00a0<a class=\"external-link\" href=\"https:\/\/www.radiofrance.fr\/franceinter\/podcasts\/un-monde-nouveau\/un-monde-nouveau-du-samedi-21-septembre-2024-8710400\" target=\"_blank\" rel=\"noreferrer noopener\">https:\/\/www.radiofrance.fr\/franceinter\/podcasts\/un-monde-nouveau\/un-monde-nouveau-du-samedi-21-septembre-2024-8710400<\/a><\/li>\n\n\n\n<li>\u00ab\u00a0Liban, pr\u00e9sent br\u00fbl\u00e9. Une histoire contemporaine 1\/4 : Un pays apr\u00e8s la guerre\u00a0\u00bb, sur Radio France.\u00a0<a class=\"external-link\" href=\"https:\/\/www.radiofrance.fr\/franceculture\/podcasts\/lsd-la-serie-documentaire\/un-pays-apres-la-guerre-3935100\" target=\"_blank\" rel=\"noreferrer noopener\">https:\/\/www.radiofrance.fr\/franceculture\/podcasts\/lsd-la-serie-documentaire\/un-pays-apres-la-guerre-3935100<\/a><\/li>\n\n\n\n<li>\u00ab\u00a0Le vote latino\u00a0\u00bb, sur Radio France.\u00a0<a class=\"external-link\" href=\"https:\/\/www.radiofrance.fr\/franceculture\/podcasts\/harris-trump-le-clash\/le-vote-latino-9932409\" target=\"_blank\" rel=\"noreferrer noopener\">https:\/\/www.radiofrance.fr\/franceculture\/podcasts\/harris-trump-le-clash\/le-vote-latino-9932409<\/a><\/li>\n\n\n\n<li>\u00ab\u00a0Le vote des jeunes et l&rsquo;effet Taylor Swift\u00a0\u00bb, sur Radio France.\u00a0<a class=\"external-link\" href=\"https:\/\/www.radiofrance.fr\/franceculture\/podcasts\/harris-trump-le-clash\/le-vote-des-jeunes-et-l-effet-taylor-swift-3242678\" target=\"_blank\" rel=\"noreferrer noopener\">https:\/\/www.radiofrance.fr\/franceculture\/podcasts\/harris-trump-le-clash\/le-vote-des-jeunes-et-l-effet-taylor-swift-3242678<\/a><\/li>\n\n\n\n<li>Le contre-mod\u00e8le Trump\u00a0\u00bb, sur Radio France.\u00a0<a class=\"external-link\" href=\"https:\/\/www.radiofrance.fr\/franceculture\/podcasts\/harris-trump-le-clash\/le-contre-modele-trump-6401793\" target=\"_blank\" rel=\"noreferrer noopener\">https:\/\/www.radiofrance.fr\/franceculture\/podcasts\/harris-trump-le-clash\/le-contre-modele-trump-6401793<\/a><\/li>\n<\/ul>\n\n\n\n<h2 class=\"wp-block-heading\"><span class=\"ez-toc-section\" id=\"regarde_ca\"><\/span>regarde \u00e7a :<span class=\"ez-toc-section-end\"><\/span><\/h2>\n\n\n\n<ul class=\"wp-block-list has-list-bullet\">\n<li>Arte DJ Mehdi 1\/6\u00a0<a class=\"external-link\" href=\"https:\/\/youtu.be\/MSsUrSnURSI?si=6iAIuetUtOLw1s5M\" target=\"_blank\" rel=\"noreferrer noopener\">https:\/\/youtu.be\/MSsUrSnURSI?si=6iAIuetUtOLw1s5M<\/a><\/li>\n\n\n\n<li>Arte Dj Mehdi Les enfants du rap 2\/6\u00a0<a class=\"external-link\" href=\"https:\/\/youtu.be\/dVZb370cHxk?si=0tKTT8v9F_2DyyXJ\" target=\"_blank\" rel=\"noreferrer noopener\">https:\/\/youtu.be\/dVZb370cHxk?si=0tKTT8v9F_2DyyXJ<\/a><\/li>\n<\/ul>\n","protected":false},"excerpt":{"rendered":"<p>Alors alors Je r\u00e9vise le programme d\u2019histoire g\u00e9ographie de troisi\u00e8me ! 14-18, la France de 1945 jusqu\u2019en 1991 et l\u2019Union europ\u00e9enne. Les dynamiques sociales. Le monde le monde ne fait que tourner. \u00c7a fait devenir fou. Oui j\u2019ai d\u00e9j\u00e0 obtenu le capes en 2018. Oui j\u2019ai d\u00e9mission\u00e9, mais je compte revenir un jour \u00e0 l\u2019EN. [&hellip;]<\/p>\n","protected":false},"author":1,"featured_media":0,"comment_status":"open","ping_status":"closed","sticky":false,"template":"","format":"standard","meta":{"footnotes":""},"categories":[11],"tags":[12],"class_list":["post-845","post","type-post","status-publish","format-standard","hentry","category-daily-logs","tag-billet-quotidien"],"_links":{"self":[{"href":"https:\/\/tassadanslesmyriades.fr\/index.php?rest_route=\/wp\/v2\/posts\/845","targetHints":{"allow":["GET"]}}],"collection":[{"href":"https:\/\/tassadanslesmyriades.fr\/index.php?rest_route=\/wp\/v2\/posts"}],"about":[{"href":"https:\/\/tassadanslesmyriades.fr\/index.php?rest_route=\/wp\/v2\/types\/post"}],"author":[{"embeddable":true,"href":"https:\/\/tassadanslesmyriades.fr\/index.php?rest_route=\/wp\/v2\/users\/1"}],"replies":[{"embeddable":true,"href":"https:\/\/tassadanslesmyriades.fr\/index.php?rest_route=%2Fwp%2Fv2%2Fcomments&post=845"}],"version-history":[{"count":0,"href":"https:\/\/tassadanslesmyriades.fr\/index.php?rest_route=\/wp\/v2\/posts\/845\/revisions"}],"wp:attachment":[{"href":"https:\/\/tassadanslesmyriades.fr\/index.php?rest_route=%2Fwp%2Fv2%2Fmedia&parent=845"}],"wp:term":[{"taxonomy":"category","embeddable":true,"href":"https:\/\/tassadanslesmyriades.fr\/index.php?rest_route=%2Fwp%2Fv2%2Fcategories&post=845"},{"taxonomy":"post_tag","embeddable":true,"href":"https:\/\/tassadanslesmyriades.fr\/index.php?rest_route=%2Fwp%2Fv2%2Ftags&post=845"}],"curies":[{"name":"wp","href":"https:\/\/api.w.org\/{rel}","templated":true}]}}