{"id":870,"date":"2024-10-13T10:16:47","date_gmt":"2024-10-13T10:16:47","guid":{"rendered":"https:\/\/tassadanslesmyriades.fr\/?p=870"},"modified":"2024-10-17T20:08:25","modified_gmt":"2024-10-17T20:08:25","slug":"202410_read-with-me-blog-de-lectures-semaine-dans-les-myriades","status":"publish","type":"post","link":"https:\/\/tassadanslesmyriades.fr\/?p=870","title":{"rendered":"202410_Read with me &#8211; Blog de lectures &#8211; Semaine dans les myriades"},"content":{"rendered":"\n<p>Hello hello hello<\/p>\n\n\n\n<p>Pourquoi dire trois fois hello ? Je ne sais. Mais je vous emm\u00e8ne avec moi, de force, dans ma semaine de lectures. Quand je dis \u00ab&nbsp;semaine&nbsp;\u00bb je m\u2019avance un peu, on commence dimanche dernier et on finira s\u00fbrement la semaine prochaine, car cet article va \u00e9voluer au fil de mes lectures. Au gr\u00e9 &#8211; au fil &#8211; au fur. Comme vous voulez. Z\u00e9\u00e9\u00e9 partiiiii !<\/p>\n\n\n\n<hr class=\"wp-block-separator has-alpha-channel-opacity\"\/>\n\n\n\n<div id=\"ez-toc-container\" class=\"ez-toc-v2_0_82_2 counter-hierarchy ez-toc-counter ez-toc-grey ez-toc-container-direction\">\r\n<div class=\"ez-toc-title-container\">\r\n<p class=\"ez-toc-title\" style=\"cursor:inherit\">Table of Contents<\/p>\r\n<span class=\"ez-toc-title-toggle\"><a href=\"#\" class=\"ez-toc-pull-right ez-toc-btn ez-toc-btn-xs ez-toc-btn-default ez-toc-toggle\" aria-label=\"Toggle Table of Content\"><span class=\"ez-toc-js-icon-con\"><span class=\"\"><span class=\"eztoc-hide\" style=\"display:none;\">Toggle<\/span><span class=\"ez-toc-icon-toggle-span\"><svg style=\"fill: #999;color:#999\" xmlns=\"http:\/\/www.w3.org\/2000\/svg\" class=\"list-377408\" width=\"20px\" height=\"20px\" viewBox=\"0 0 24 24\" fill=\"none\"><path d=\"M6 6H4v2h2V6zm14 0H8v2h12V6zM4 11h2v2H4v-2zm16 0H8v2h12v-2zM4 16h2v2H4v-2zm16 0H8v2h12v-2z\" fill=\"currentColor\"><\/path><\/svg><svg style=\"fill: #999;color:#999\" class=\"arrow-unsorted-368013\" xmlns=\"http:\/\/www.w3.org\/2000\/svg\" width=\"10px\" height=\"10px\" viewBox=\"0 0 24 24\" version=\"1.2\" baseProfile=\"tiny\"><path d=\"M18.2 9.3l-6.2-6.3-6.2 6.3c-.2.2-.3.4-.3.7s.1.5.3.7c.2.2.4.3.7.3h11c.3 0 .5-.1.7-.3.2-.2.3-.5.3-.7s-.1-.5-.3-.7zM5.8 14.7l6.2 6.3 6.2-6.3c.2-.2.3-.5.3-.7s-.1-.5-.3-.7c-.2-.2-.4-.3-.7-.3h-11c-.3 0-.5.1-.7.3-.2.2-.3.5-.3.7s.1.5.3.7z\"\/><\/svg><\/span><\/span><\/span><\/a><\/span><\/div>\r\n<nav><ul class='ez-toc-list ez-toc-list-level-1 ' ><li class='ez-toc-page-1 ez-toc-heading-level-2'><a class=\"ez-toc-link ez-toc-heading-1\" href=\"https:\/\/tassadanslesmyriades.fr\/?p=870\/#Lectures_dautomne\" >Lectures d\u2019automne<\/a><ul class='ez-toc-list-level-5' ><li class='ez-toc-heading-level-5'><ul class='ez-toc-list-level-5' ><li class='ez-toc-heading-level-5'><ul class='ez-toc-list-level-5' ><li class='ez-toc-heading-level-5'><a class=\"ez-toc-link ez-toc-heading-2\" href=\"https:\/\/tassadanslesmyriades.fr\/?p=870\/#Le_jardin_paresseux\" >Le jardin paresseux<\/a><\/li><li class='ez-toc-page-1 ez-toc-heading-level-5'><a class=\"ez-toc-link ez-toc-heading-3\" href=\"https:\/\/tassadanslesmyriades.fr\/?p=870\/#Chamanes\" >Chamanes<\/a><\/li><li class='ez-toc-page-1 ez-toc-heading-level-5'><a class=\"ez-toc-link ez-toc-heading-4\" href=\"https:\/\/tassadanslesmyriades.fr\/?p=870\/#Ranger_une_pratique_zen\" >Ranger, une pratique zen<\/a><\/li><\/ul><\/li><\/ul><\/li><\/ul><\/li><li class='ez-toc-page-1 ez-toc-heading-level-2'><a class=\"ez-toc-link ez-toc-heading-5\" href=\"https:\/\/tassadanslesmyriades.fr\/?p=870\/#Lectures_pour_la_these\" >Lectures pour la th\u00e8se<\/a><\/li><li class='ez-toc-page-1 ez-toc-heading-level-2'><a class=\"ez-toc-link ez-toc-heading-6\" href=\"https:\/\/tassadanslesmyriades.fr\/?p=870\/#Cinema\" >Cin\u00e9ma<\/a><ul class='ez-toc-list-level-5' ><li class='ez-toc-heading-level-5'><ul class='ez-toc-list-level-5' ><li class='ez-toc-heading-level-5'><ul class='ez-toc-list-level-5' ><li class='ez-toc-heading-level-5'><a class=\"ez-toc-link ez-toc-heading-7\" href=\"https:\/\/tassadanslesmyriades.fr\/?p=870\/#Ni_chaines_ni_maitres\" >Ni cha\u00eenes ni ma\u00eetres.<\/a><\/li><\/ul><\/li><\/ul><\/li><\/ul><\/li><li class='ez-toc-page-1 ez-toc-heading-level-2'><a class=\"ez-toc-link ez-toc-heading-8\" href=\"https:\/\/tassadanslesmyriades.fr\/?p=870\/#Dimanche_lecture\" >Dimanche lecture<\/a><ul class='ez-toc-list-level-5' ><li class='ez-toc-heading-level-5'><ul class='ez-toc-list-level-5' ><li class='ez-toc-heading-level-5'><ul class='ez-toc-list-level-5' ><li class='ez-toc-heading-level-5'><a class=\"ez-toc-link ez-toc-heading-9\" href=\"https:\/\/tassadanslesmyriades.fr\/?p=870\/#Thya\" >Thya<\/a><\/li><li class='ez-toc-page-1 ez-toc-heading-level-5'><a class=\"ez-toc-link ez-toc-heading-10\" href=\"https:\/\/tassadanslesmyriades.fr\/?p=870\/#Potager_en_permaculture\" >Potager en permaculture<\/a><\/li><li class='ez-toc-page-1 ez-toc-heading-level-5'><a class=\"ez-toc-link ez-toc-heading-11\" href=\"https:\/\/tassadanslesmyriades.fr\/?p=870\/#Sur_la_dalle\" >Sur la dalle<\/a><\/li><\/ul><\/li><\/ul><\/li><\/ul><\/li><li class='ez-toc-page-1 ez-toc-heading-level-2'><a class=\"ez-toc-link ez-toc-heading-12\" href=\"https:\/\/tassadanslesmyriades.fr\/?p=870\/#La_suite_dans_Lundi_Lecture\" >La suite dans Lundi Lecture<\/a><\/li><li class='ez-toc-page-1 ez-toc-heading-level-2'><a class=\"ez-toc-link ez-toc-heading-13\" href=\"https:\/\/tassadanslesmyriades.fr\/?p=870\/#Lecture_du_mardi_co\" >Lecture du mardi &amp; co<\/a><\/li><li class='ez-toc-page-1 ez-toc-heading-level-2'><a class=\"ez-toc-link ez-toc-heading-14\" href=\"https:\/\/tassadanslesmyriades.fr\/?p=870\/#Lecture_des_jours_suivants_mercredi_%E2%80%93_jeudi\" >Lecture des jours suivants (mercredi &#8211; jeudi)<\/a><\/li><\/ul><\/nav><\/div>\r\n<h2 class=\"wp-block-heading\"><span class=\"ez-toc-section\" id=\"Lectures_dautomne\"><\/span>Lectures d\u2019automne <span class=\"ez-toc-section-end\"><\/span><\/h2>\n\n\n\n<p><br \/>Quelques lectures d\u2019automne. Ce que vous voyez ici ce sont les publications sur le r\u00e9seau Pixelfed. Donc c\u2019\u00e9tait mes \u00ab&nbsp;lectures en cours&nbsp;\u00bb ou \u00ab&nbsp;termin\u00e9es&nbsp;\u00bb. Dans cette liste, \u00ab&nbsp;lectures d\u2019automne&nbsp;\u00bb, je les ai actuellement termin\u00e9es. <\/p>\n\n\n\n<h5 class=\"wp-block-heading\"><span class=\"ez-toc-section\" id=\"Le_jardin_paresseux\"><\/span><strong><em>Le jardin paresseux <\/em><\/strong><span class=\"ez-toc-section-end\"><\/span><\/h5>\n\n\n\n<blockquote lang=\"null\" cite=\"https:\/\/pixelfed.fr\/p\/Lesmyriades\/749390975521180378\" data-source=\"fediverse\">\n  J\u2019ai englouti 190 pages de ce bouquin (qui contient certes 90 pages pas tr\u00e8s utiles) mais, les passages sur la rhizosph\u00e8re ou bien les champignons sont tr\u00e8s bien vulgaris\u00e9s. \u00c7a me donne de nouveaux moyens d\u2019en parler aux \u00e9tudiant\u2022es ou bien aux personnes qui m\u2019\u00e9coutent de temps en temps dans ma folie racinaire <a href=\"https:\/\/pixelfed.fr\/discover\/tags\/botanique?src=hash\" title=\"#botanique\" class=\"u-url hashtag\" rel=\"external nofollow noopener\">#botanique<\/a> \ud83d\ude02\ud83e\udd23<figure><img decoding=\"async\" src=\"https:\/\/pixelfed.fr\/storage\/m\/_v2\/726466431025135753\/19c3981d1-f52fd9\/M159fJ4K3neJ\/v6Q12CC5Qxn0BuOPUDPRUCVunXDuQunkW867Rc6v_thumb.jpg\" width=\"216\" height=\"216\" alt=\"Je tiens le livre de poche dont on voit la couverture : le potager paresseux de Didier Helmstetter (sur la couverture y\u2019a des l\u00e9gumes et un transat)\" loading=\"lazy\" \/><\/figure>\n  <footer>\n     \u2014 Tassadanslesmyriades (@Lesmyriades) <a href=\"https:\/\/pixelfed.fr\/p\/Lesmyriades\/749390975521180378\"><time datetime=\"2024-10-08T22:12:11.000Z\">09\/10\/2024 00:12:11<\/time><\/a>\n  <\/footer>\n<\/blockquote>\n\n\n\n<p>J\u2019ai bien aim\u00e9 dans <strong><em>Le jardin paresseux<\/em><\/strong>, la mani\u00e8re de vulgariser le jardin en montrant la relation entre la th\u00e9orie scientifique, la biologie, la physiologie et puis comment fonctionne le terrain, le biotope et les \u00e9cosyst\u00e8mes, un texte tr\u00e8s bien nourri. On comprend que c\u2019est n\u00e9cessaire d\u2019avoir une bonne terre, c\u2019est n\u00e9cessaire d\u2019avoir de la terre qui se composte elle-m\u00eame, des bonnes bact\u00e9ries, des champignons et on comprend que les choses peuvent se faire d\u2019elles-m\u00eames et qu\u2019on peut \u00eatre un peu juste des \u00ab&nbsp;observateurs attentifs&nbsp;\u00bb de la nature et \u00e7a j\u2019ai bien aim\u00e9. C\u2019est tr\u00e8s utile aussi pour pouvoir avoir les mots afin d\u2019expliquer aux autres : comment \u00e7a fonctionne au potager et pourquoi le jardin  est comme \u00e7a, un aspect mal entretenu alors qu\u2019en fait non, pourquoi on va pas arracher les mauvaises herbes pourquoi on va pas enlever les choses qui pourrissent, etc. \u00c7a j\u2019ai beaucoup aim\u00e9.<\/p>\n\n\n\n<p>&#8211;<br \/><a href=\"https:\/\/pixelfed.fr\/p\/Lesmyriades\/748567092484131027\">J\u2019ai lu Chamanes, qu\u2019on m\u2019a pr\u00eat\u00e9 !<\/a><\/p>\n\n\n\n<h5 class=\"wp-block-heading\"><span class=\"ez-toc-section\" id=\"Chamanes\"><\/span><strong><em>Chamanes<\/em><\/strong><span class=\"ez-toc-section-end\"><\/span><\/h5>\n\n\n\n<blockquote lang=\"null\" cite=\"https:\/\/pixelfed.fr\/p\/Lesmyriades\/748567092484131027\" data-source=\"fediverse\">\n   Lecture r\u00e9cente. Une lectrice m\u2019a pr\u00eat\u00e9 ce livre. Il est super int\u00e9ressant. L\u2019anthropologie historique y est tr\u00e8s pr\u00e9sente. La transcendance et la transe, deux choses qu\u2019on conna\u00eet peu en Europe. <a href=\"https:\/\/pixelfed.fr\/discover\/tags\/chamanes?src=hash\" title=\"#chamanes\" class=\"u-url hashtag\" rel=\"external nofollow noopener\">#chamanes<\/a>\n  <figure><img decoding=\"async\" src=\"https:\/\/pixelfed.fr\/storage\/m\/_v2\/726466431025135753\/19c3981d1-f52fd9\/zQOOMsqPUnLq\/tGnFatBHH13bEtCOjv2YNC6Zt4ZL2reKpu44UKyA_thumb.jpg\" width=\"201\" height=\"235\" alt=\"Je tiens dans ma main un livre. On voit la Couverture du livre Chamanes de Sebastien Baud et Corine Sombrun. La couverture repr\u00e9sente une corneille esth\u00e9tis\u00e9e avec des feuilles et des mains.\" loading=\"lazy\" \/><\/figure>\n  <footer>\n     \u2014 Tassadanslesmyriades (@Lesmyriades) <a href=\"https:\/\/pixelfed.fr\/p\/Lesmyriades\/748567092484131027\"><time datetime=\"2024-10-06T15:38:22.000Z\">06\/10\/2024 17:38:22<\/time><\/a>\n  <\/footer>\n<\/blockquote>\n\n\n\n<p>J\u2019ai bien aim\u00e9 la premi\u00e8re partie du livre qui \u00e9tait tr\u00e8s centr\u00e9e sur l\u2019anthropologie historique et donc sur des sources anciennes. On va dire des sources qui datent du XVIe au XVIIe si\u00e8cle, qui sont des sources imprim\u00e9es la plupart du temps : des relations de voyage, des r\u00e9cits de voyage. Donc cette partie est \u00e9crite avec un biais centr\u00e9 sur la vision occidentale du chamanisme et des animismes aux Am\u00e9riques. J\u2019ai bien aim\u00e9 aussi la qualit\u00e9 des d\u00e9finitions qui permettent de recadrer le contexte sociologique et anthropologique du chamanisme d\u2019un point de vue scientifique. La deuxi\u00e8me partie adopte un point de vue un peu plus concentr\u00e9 sur les chamanes, mais \u00e9videmment \u00e9crite par Corine Sombrun, une \u00ab&nbsp;chamane occidentale&nbsp;\u00bb initi\u00e9e aux pratiques am\u00e9rindiennes, qui est sp\u00e9cialiste des transes chamaniques, ce qui rend un peu l\u2019aspect trop neuro-centr\u00e9 (neurobiologie) et je n\u2019ai pas trop aim\u00e9 cette partie-l\u00e0. Tout est correctement document\u00e9, des notes de page, hyper bien faites, lexique, et une bibliographie, \u00e0 travers laquelle on voit que le chamanisme est d\u00e9peint comme spectaculaire dans la majorit\u00e9 de la litt\u00e9rature de \u00ab&nbsp;librairies&nbsp;\u00bb (c\u00e0d grand public), tandis que dans la litt\u00e9rature scientifique, elle est plus obscure et donc on se fait moins bien une bonne id\u00e9e du chamanisme parce que c\u2019est moins accessible dans ces textes. <\/p>\n\n\n\n<h5 class=\"wp-block-heading\"><span class=\"ez-toc-section\" id=\"Ranger_une_pratique_zen\"><\/span><strong><em>Ranger, une pratique zen <\/em><\/strong><span class=\"ez-toc-section-end\"><\/span><\/h5>\n\n\n\n<blockquote lang=\"null\" cite=\"https:\/\/pixelfed.fr\/p\/Lesmyriades\/750008222848609338\" data-source=\"fediverse\">\n   Lecture du moment. Je le lis parce que c\u2019est un mec (moine bouddhiste) qui fait la promotion du m\u00e9nage. \ud83e\uddfd je me dis que nous n\u2019avons pas la m\u00eame vie et que m\u00eame culturellement c\u2019est int\u00e9ressant ! <a href=\"https:\/\/pixelfed.fr\/discover\/tags\/zen?src=hash\" title=\"#zen\" class=\"u-url hashtag\" rel=\"external nofollow noopener\">#zen<\/a> <a href=\"https:\/\/pixelfed.fr\/discover\/tags\/bouddhisme?src=hash\" title=\"#bouddhisme\" class=\"u-url hashtag\" rel=\"external nofollow noopener\">#bouddhisme<\/a> <a href=\"https:\/\/pixelfed.fr\/discover\/tags\/menage?src=hash\" title=\"#menage\" class=\"u-url hashtag\" rel=\"external nofollow noopener\">#menage<\/a>\n  <figure><img decoding=\"async\" src=\"https:\/\/pixelfed.fr\/storage\/m\/_v2\/726466431025135753\/19c3981d1-f52fd9\/ZLuEQyM1FPjc\/kYK4D46A9hf8eJ1X8enwMnaf4svDI4dwGxcuCSUD_thumb.jpg\" width=\"216\" height=\"216\" alt=\"J\u2019ai une orth\u00e8se \u00e0 la main \u00e0 cause d\u2019une tendinite mais je tiens un livre qui s\u2019intitule Ranger une pratique zen de Masuno Shunmyo - la couverture est moderne avec un motif de fleurs rouges et un fond beige\" loading=\"lazy\" \/><\/figure>\n  <footer>\n     \u2014 Tassadanslesmyriades (@Lesmyriades) <a href=\"https:\/\/pixelfed.fr\/p\/Lesmyriades\/750008222848609338\"><time datetime=\"2024-10-10T15:04:54.000Z\">10\/10\/2024 17:04:54<\/time><\/a>\n  <\/footer>\n<\/blockquote>\n\n\n\n<h2 class=\"wp-block-heading\"><span class=\"ez-toc-section\" id=\"Lectures_pour_la_these\"><\/span>Lectures pour la th\u00e8se<span class=\"ez-toc-section-end\"><\/span><\/h2>\n\n\n\n<p>&#8211; \/\/ cf. <strong>Lundi Lecture<\/strong><\/p>\n\n\n\n<h2 class=\"wp-block-heading\"><span class=\"ez-toc-section\" id=\"Cinema\"><\/span>Cin\u00e9ma<span class=\"ez-toc-section-end\"><\/span><\/h2>\n\n\n\n<h5 class=\"wp-block-heading\"><span class=\"ez-toc-section\" id=\"Ni_chaines_ni_maitres\"><\/span><strong><em>Ni cha\u00eenes ni ma\u00eetres. <\/em><\/strong><span class=\"ez-toc-section-end\"><\/span><\/h5>\n\n\n\n<p>J\u2019ai \u00e9t\u00e9 voir <strong><em>Ni cha\u00eenes ni ma\u00eetres<\/em><\/strong> de Simon Mouta\u00efrou. <\/p>\n\n\n\n<p>R\u00e9sum\u00e9 : 1759, sur l&rsquo;Isle de France, actuelle \u00cele Maurice. Massamba et Mati, esclaves dans la plantation d&rsquo;Eug\u00e8ne Larcenet, vivent dans la peur et le labeur. Lui r\u00eave que sa fille soit affranchie, elle de quitter l&rsquo;enfer vert de la canne \u00e0 sucre. Une nuit, elle s&rsquo;enfuit. Madame La Victoire, c\u00e9l\u00e8bre chasseuse&nbsp;d&rsquo;esclaves, est engag\u00e9e pour la traquer. Massamba n&rsquo;a d&rsquo;autre choix que de s&rsquo;\u00e9vader \u00e0 son tour. Par cet acte, il devient un \u00ab\u00a0marron\u00a0\u00bb, un fugitif qui rompt \u00e0 jamais avec l&rsquo;ordre colonial.<\/p>\n\n\n\n<p>Date de sortie&nbsp;:&nbsp;18 septembre 2024 (<a href=\"https:\/\/www.google.com\/search?client=safari&amp;sca_esv=173e796dbe9f567f&amp;hl=fr-fr&amp;q=France&amp;stick=H4sIAAAAAAAAAOPgE-LVT9c3NMwxLSivzMpLUeLUz9U3SLPIsUzWMspOttJPy8zJBRNWJRmpiSVFmcmJOQpFqemZ-XkKieWJRalATk5qYnGqQkpiSeoiVja3osS85NQdrIy72Jk4GADPxsMKYQAAAA&amp;sa=X&amp;ved=2ahUKEwiIjoTDkouJAxV5U6QEHWr5A_UQmxMoAHoECCUQAg\">France<\/a>)<\/p>\n\n\n\n<p>R\u00e9alisateur&nbsp;:&nbsp;<a href=\"https:\/\/www.google.com\/search?client=safari&amp;sca_esv=173e796dbe9f567f&amp;hl=fr-fr&amp;q=Simon+Mouta%C3%AFrou&amp;si=ACC90ny8E30vD16OoPAAI4cStfcliGy35W8UAhb0TsHNc_ISQe9Yq3p2JJXVXEk0KrDkAkHCJgn8CK8d30WiRhYwinZoNrov1N5QFq5YyfH3GeSnvOZwN51HOeQgqJSRtwRm1K0sz_b-uYbflXTZ0hvZ2YDUyE6aLUassyrI-9wwlZdnnelZkTpeQ5U5COrM1L34i1_xxzHMt2BN6kyudmIlT6ekzwMIxw%3D%3D&amp;sa=X&amp;ved=2ahUKEwiIjoTDkouJAxV5U6QEHWr5A_UQmxMoAHoECCIQAg\">Simon Mouta\u00efrou<\/a><\/p>\n\n\n\n<p>Musique&nbsp;:&nbsp;<a href=\"https:\/\/www.google.com\/search?client=safari&amp;sca_esv=173e796dbe9f567f&amp;hl=fr-fr&amp;q=Amine+Bouhafa&amp;stick=H4sIAAAAAAAAAONgVuLSz9U3KEyvLKmqXMTK65ibmZeq4JRfmpGYlggAobDLbB4AAAA&amp;sa=X&amp;ved=2ahUKEwiIjoTDkouJAxV5U6QEHWr5A_UQmxMoAHoECCMQAg\">Amine Bouhafa<\/a><\/p>\n\n\n\n<p>Pays de production&nbsp;:&nbsp;<a href=\"https:\/\/www.google.com\/search?client=safari&amp;sca_esv=173e796dbe9f567f&amp;hl=fr-fr&amp;q=France&amp;stick=H4sIAAAAAAAAAONgVuLUz9U3SLPIsUxexMrmVpSYl5wKACD6dZ8WAAAA&amp;sa=X&amp;ved=2ahUKEwiIjoTDkouJAxV5U6QEHWr5A_UQmxMoAHoECCoQAg\">France<\/a><\/p>\n\n\n\n<h2 class=\"wp-block-heading\"><span class=\"ez-toc-section\" id=\"Dimanche_lecture\"><\/span>Dimanche lecture <span class=\"ez-toc-section-end\"><\/span><\/h2>\n\n\n\n<p>aujourd\u2019hui, outre les mails du travail que je dois envoyer \ud83d\ude2d\ud83d\ude2d\ud83d\ude2d\ud83d\udc94, j\u2019ai aussi envie de lire. J\u2019ai donc une petite liste de livres \u00e0 terminer :<\/p>\n\n\n\n<ul class=\"wp-block-list\">\n<li>D\u00e8s 9h ce matin, je lisais <strong><em>Sur la dalle<\/em><\/strong> de Fred Vargas <\/li>\n\n\n\n<li>11h je suis page 110. <\/li>\n\n\n\n<li>Je veux aussi lire <strong><em>Thya<\/em><\/strong> d\u2019Esthelle Faye (j\u2019en suis page 49)<\/li>\n<\/ul>\n\n\n\n<h5 class=\"wp-block-heading\"><span class=\"ez-toc-section\" id=\"Thya\"><\/span><strong><em>Thya<\/em><\/strong><span class=\"ez-toc-section-end\"><\/span><\/h5>\n\n\n\n<blockquote lang=\"null\" cite=\"https:\/\/pixelfed.fr\/p\/Lesmyriades\/750646532099236604\" data-source=\"fediverse\">\n  Lecture en cours : Estelle Faye<br  \/>\n  Autrice de LA VOIE DES ORACLES &#8211; I du cycle \u00ab\u00a0Thya\u00a0\u00bb<br  \/>\n  R\u00e9sum\u00e9 : Thya est la fille de Gnaeus Sertor, g\u00e9n\u00e9ral romain et h\u00e9ros de l\u2019Empire. Mais Thya est aussi une Oracle, peut-\u00eatre la derni\u00e8re \u00e9lue capable de d\u00e9m\u00ealer les fils de l\u2019avenir. Elle est donc contrainte de se cacher en Gaule, au fin fond de la for\u00eat d\u2019Aquitania car, \u00e0 Rome, comme partout ailleurs dans l\u2019Empire, les chr\u00e9tiens r\u00e8gnent en ma\u00eetres et font impitoyablement la chasse aux adorateurs des dieux anciens. Mais lorsque son p\u00e8re est laiss\u00e9 pour mort par des Pictes, Thya n\u2019a plus d\u2019autre solution que de fuir vers le nord pour suivre une \u00e9trange vision dans laquelle son p\u00e8re est toujours en vie.<br  \/>\n  <br  \/>\n  Premier tome de la trilogie La voie des Oracles, Thya confirme qu\u2019Estelle Faye compte d\u00e9sormais parmi les auteurs de fantasy \u00e0 suivre. Le roman a d\u2019ailleurs re\u00e7u, dans la cat\u00e9gorie \u00abJeunesse\u00bb, le prix Imaginales et le prix Elbakin en 2015.<figure><img decoding=\"async\" src=\"https:\/\/pixelfed.fr\/storage\/m\/_v2\/726466431025135753\/19c3981d1-f52fd9\/jgdxt06oWmj7\/Z2R5Hvp71k5BQNWR4ZOZp1gyQe28JtuRqTdU41Gb_thumb.jpg\" width=\"216\" height=\"216\" alt=\"Livre du genre fantastique que je tiens dans ma main. La couverture repr\u00e9sente une jeune femme dans l\u2019ombre, habill\u00e9e d\u2019une tunique rouge. Elle tient dans ses mains un bol d\u2019o\u00f9 s\u2019\u00e9chappe une fum\u00e9e lumineuse. Elle porte un collier avec des anneaux dor\u00e9s et un pantalon blanc. Le titre est Thya la collection est folio SF.\" loading=\"lazy\" \/><\/figure>\n  <footer>\n     \u2014 Tassadanslesmyriades (@Lesmyriades) <a href=\"https:\/\/pixelfed.fr\/p\/Lesmyriades\/750646532099236604\"><time datetime=\"2024-10-12T09:21:19.000Z\">12\/10\/2024 11:21:19<\/time><\/a>\n  <\/footer>\n<\/blockquote>\n\n\n\n<h5 class=\"wp-block-heading\"><span class=\"ez-toc-section\" id=\"Potager_en_permaculture\"><\/span><strong><em>Potager en permaculture <\/em><\/strong><span class=\"ez-toc-section-end\"><\/span><\/h5>\n\n\n\n<blockquote lang=\"null\" cite=\"https:\/\/pixelfed.fr\/p\/Lesmyriades\/751102749947518897\" data-source=\"fediverse\">\n  Repasser en revue les pages de ce bouquin pour planifier ce qu\u2019il y a \u00e0 faire au jardin. R\u00e9sultats : on a s\u00e9par\u00e9 mati\u00e8re verte et mati\u00e8re \u00e0 lignine, feuilles mortes et branchages un peu trop gros, j\u2019ai un peu commenc\u00e9 \u00e0 tailler la vigne, on a ramass\u00e9 les tomates d\u00e9c\u00e9d\u00e9es parce que madame la chienne les mange !!! \u2026 etc. Etc. Et l\u00e0 je pr\u00e9pare des patates \ud83e\udd54 pour le repas de ce soir.<figure><img decoding=\"async\" src=\"https:\/\/pixelfed.fr\/storage\/m\/_v2\/726466431025135753\/19c3981d1-f52fd9\/d06fNR4KuZbM\/YOHvJmI8hhdCSdAxHGRfpq1BxBT3GJ4oH1d6B98o_thumb.jpg\" width=\"226\" height=\"300\" alt=\"Sur mon plaid j\u2019ai pos\u00e9 le livre Potager en perla culture aux \u00e9ditions Marabout. Il y a des carottes pleines de terre\nsur la couverture.\" loading=\"lazy\" \/><\/figure>\n  <footer>\n     \u2014 Tassadanslesmyriades (@Lesmyriades) <a href=\"https:\/\/pixelfed.fr\/p\/Lesmyriades\/751102749947518897\"><time datetime=\"2024-10-13T15:34:10.000Z\">13\/10\/2024 17:34:10<\/time><\/a>\n  <\/footer>\n<\/blockquote>\n\n\n\n<ul class=\"wp-block-list\">\n<li>il est 18h43 et j\u2019en suis \u00e0 la page 214 de <strong><em>Sur la dalle<\/em><\/strong> de Fred Vargas<\/li>\n\n\n\n<li>par fatigue, et aussi parce que j\u2019ai pas envie de le finir si vite (c\u2019est vraiment trop bien les Vargas), je change de livre pour la soir\u00e9e. <\/li>\n\n\n\n<li>Entre temps, une tartiflette vient d\u2019\u00eatre cuisin\u00e9e (lardons v\u00e9g\u00e9tariens) ainsi qu\u2019un \u00e9cras\u00e9 de pommes de terre pour demain. <\/li>\n\n\n\n<li>euh <\/li>\n\n\n\n<li>21h39 page 100 de <strong><em>Thya<\/em><\/strong> d\u2019Estelle Faye<\/li>\n<\/ul>\n\n\n\n<h5 class=\"wp-block-heading\"><span class=\"ez-toc-section\" id=\"Sur_la_dalle\"><\/span><strong><em>Sur la dalle<\/em><\/strong><span class=\"ez-toc-section-end\"><\/span><\/h5>\n\n\n\n<p>Fred Vargas est s\u00fbrement l\u2019une de mes autrices pr\u00e9f\u00e9r\u00e9es. \u00c0 chaque fois je passe, comme des centaines de milliers d\u2019autres lectrices et lecteurs, un excellent moment avec des polars mordants et addictifs. Le commissaire Adamsberg est toujours de la partie, dans le r\u00f4le du bourru mais g\u00e9nie arch\u00e9type du flic dou\u00e9, un peu tortur\u00e9 (il dessine et il doute). Avec des traits d\u2019humour \u00e0 chaque page que j\u2019ai d\u00e9cid\u00e9 de souligner par un post-itage en r\u00e8gle. <\/p>\n\n\n\n<blockquote lang=\"null\" cite=\"https:\/\/pixelfed.fr\/p\/Lesmyriades\/751019119258638215\" data-source=\"fediverse\">\n   J\u2019ai repris le postitage de livres autres que des essais. Fred Vargas, vous \u00eates ma reine du polar. Je vous adore. Sur la dalle m\u2019a d\u00e9j\u00e0 l\u2019air d\u2019\u00eatre un grand cru (j\u2019bois pas de vin). Chaque ligne me fait du bien \ud83d\ude2d <a href=\"https:\/\/pixelfed.fr\/discover\/tags\/polar?src=hash\" title=\"#polar\" class=\"u-url hashtag\" rel=\"external nofollow noopener\">#polar<\/a> <a href=\"https:\/\/pixelfed.fr\/discover\/tags\/fredvargas?src=hash\" title=\"#fredvargas\" class=\"u-url hashtag\" rel=\"external nofollow noopener\">#fredvargas<\/a>\n  <figure><img decoding=\"async\" src=\"https:\/\/pixelfed.fr\/storage\/m\/_v2\/726466431025135753\/19c3981d1-f52fd9\/UnKskDNFielB\/9E02cj2daRlij8oUbkKvMzgrmK0NIBMmb7chlyRw_thumb.jpg\" width=\"226\" height=\"325\" alt=\"Je tiens le livre de Fred Vargas version poche en main. Il y \u00e0 VARGAS \u00e9crit en \u00e9norme en jaune et le titre est tout petit \u00ab\u00a0Sur la dalle\u00a0\u00bb avec une image de dolmen breton en noir et blanc en fond. J\u2019ai mis des post its de couleur roses verts jaunes.\" loading=\"lazy\" \/><\/figure>\n  <footer>\n     \u2014 Tassadanslesmyriades (@Lesmyriades) <a href=\"https:\/\/pixelfed.fr\/p\/Lesmyriades\/751019119258638215\"><time datetime=\"2024-10-13T10:01:51.000Z\">13\/10\/2024 12:01:51<\/time><\/a>\n  <\/footer>\n<\/blockquote>\n\n\n\n<div class=\"wp-block-cover aligncenter\"><span aria-hidden=\"true\" class=\"wp-block-cover__background has-background-dim\"><\/span><img loading=\"lazy\" decoding=\"async\" width=\"768\" height=\"1024\" class=\"wp-block-cover__image-background wp-image-901\" alt=\"\" src=\"https:\/\/tassadanslesmyriades.fr\/wp-content\/uploads\/2024\/10\/IMG_2598-768x1024.jpeg\" data-object-fit=\"cover\" srcset=\"https:\/\/tassadanslesmyriades.fr\/wp-content\/uploads\/2024\/10\/IMG_2598-768x1024.jpeg 768w, https:\/\/tassadanslesmyriades.fr\/wp-content\/uploads\/2024\/10\/IMG_2598-225x300.jpeg 225w, https:\/\/tassadanslesmyriades.fr\/wp-content\/uploads\/2024\/10\/IMG_2598-1152x1536.jpeg 1152w, https:\/\/tassadanslesmyriades.fr\/wp-content\/uploads\/2024\/10\/IMG_2598-1536x2048.jpeg 1536w, https:\/\/tassadanslesmyriades.fr\/wp-content\/uploads\/2024\/10\/IMG_2598-scaled.jpeg 1920w\" sizes=\"auto, (max-width: 768px) 100vw, 768px\" \/><div class=\"wp-block-cover__inner-container is-layout-flow wp-block-cover-is-layout-flow\">\n<p class=\"has-text-align-center has-large-font-size\"><\/p>\n<\/div><\/div>\n\n\n\n<ul class=\"wp-block-list\">\n<li><strong><em>l\u00e9gende de la photographie ci-dessus : je tiens le livre ouvert Thya d\u2019Estelle Faye aux pages 126-127, le chapitre est le num\u00e9ro 10 et s\u2019intitule Les r\u00eaves et l\u2019aube. <\/em><\/strong><br \/>22h53 page 126 du livre <strong><em>Thya<\/em><\/strong> : le roman est un peu plat \u2026 mais bien document\u00e9 sans en faire trop. J\u2019aime bien ce c\u00f4t\u00e9 l\u00e0. C\u2019est rare un roman fantastique qui se d\u00e9roule dans l\u2019Antiquit\u00e9. Avec une h\u00e9ro\u00efne.<\/li>\n\n\n\n<li>00h37 page 194 de <strong><em>Thya<\/em><\/strong> : j\u2019aime un peu mieux. Quelques sc\u00e8nes sont vraiment int\u00e9ressantes, comme l\u2019apparition des \u00e9l\u00e9ments fantastiques aux h\u00e9ros, en dehors des sc\u00e8nes de vision de l\u2019oracle Thya. Mais ces sc\u00e8nes sont trop rares. C\u2019est dommage. On pourrait arguer que le fantastique est distribu\u00e9 savamment et de mani\u00e8re d\u00e9pouill\u00e9e\u2026 mais je pense que \u00e7a manque quand m\u00eame un peu. <\/li>\n<\/ul>\n\n\n\n<figure class=\"wp-block-image size-large\"><img loading=\"lazy\" decoding=\"async\" width=\"1024\" height=\"1024\" src=\"https:\/\/tassadanslesmyriades.fr\/wp-content\/uploads\/2024\/10\/IMG_2599-1024x1024.jpeg\" alt=\"\" class=\"wp-image-911\" srcset=\"https:\/\/tassadanslesmyriades.fr\/wp-content\/uploads\/2024\/10\/IMG_2599-1024x1024.jpeg 1024w, https:\/\/tassadanslesmyriades.fr\/wp-content\/uploads\/2024\/10\/IMG_2599-300x300.jpeg 300w, https:\/\/tassadanslesmyriades.fr\/wp-content\/uploads\/2024\/10\/IMG_2599-150x150.jpeg 150w, https:\/\/tassadanslesmyriades.fr\/wp-content\/uploads\/2024\/10\/IMG_2599-768x768.jpeg 768w, https:\/\/tassadanslesmyriades.fr\/wp-content\/uploads\/2024\/10\/IMG_2599-1536x1536.jpeg 1536w, https:\/\/tassadanslesmyriades.fr\/wp-content\/uploads\/2024\/10\/IMG_2599-2048x2048.jpeg 2048w\" sizes=\"auto, (max-width: 1024px) 100vw, 1024px\" \/><\/figure>\n\n\n\n<p><strong><em>l\u00e9gende de l\u2019image ci-dessus : je tiens le livre Thya d\u2019Estelle Faye ouvert \u00e0 la page 192-193, au chapitre 15, qui s\u2019intitule Dans les ruines de l\u2019Empire. <\/em><\/strong><\/p>\n\n\n\n<figure class=\"wp-block-image size-large\"><img loading=\"lazy\" decoding=\"async\" width=\"768\" height=\"1024\" src=\"https:\/\/tassadanslesmyriades.fr\/wp-content\/uploads\/2024\/10\/IMG_2600-768x1024.jpeg\" alt=\"\" class=\"wp-image-913\" srcset=\"https:\/\/tassadanslesmyriades.fr\/wp-content\/uploads\/2024\/10\/IMG_2600-768x1024.jpeg 768w, https:\/\/tassadanslesmyriades.fr\/wp-content\/uploads\/2024\/10\/IMG_2600-225x300.jpeg 225w, https:\/\/tassadanslesmyriades.fr\/wp-content\/uploads\/2024\/10\/IMG_2600-1152x1536.jpeg 1152w, https:\/\/tassadanslesmyriades.fr\/wp-content\/uploads\/2024\/10\/IMG_2600-1536x2048.jpeg 1536w, https:\/\/tassadanslesmyriades.fr\/wp-content\/uploads\/2024\/10\/IMG_2600-scaled.jpeg 1920w\" sizes=\"auto, (max-width: 768px) 100vw, 768px\" \/><\/figure>\n\n\n\n<ul class=\"wp-block-list\">\n<li>1:05 page 228-229 du livre <strong><em>Thya<\/em><\/strong> (photo ci-dessus pages ouvertes du roman) : les \u00e9v\u00e9nements fantastiques s\u2019encha\u00eenent et se r\u00e9v\u00e8lent enfin \u00e0 tous les personnages. L\u00e0, le roman est plus int\u00e9ressant. L\u2019apparition du fanatisme chr\u00e9tien avec la chasse aux sorci\u00e8res est int\u00e9ressante ! GG. <\/li>\n<\/ul>\n\n\n\n<hr class=\"wp-block-separator has-alpha-channel-opacity\"\/>\n\n\n\n<h2 class=\"wp-block-heading\"><span class=\"ez-toc-section\" id=\"La_suite_dans_Lundi_Lecture\"><\/span>La suite dans Lundi Lecture<span class=\"ez-toc-section-end\"><\/span><\/h2>\n\n\n\n<p><a href=\"https:\/\/tassadanslesmyriades.fr\/?p=918\">C\u2019est par ici le billet !<\/a><\/p>\n\n\n\n<figure class=\"wp-block-embed is-type-wp-embed is-provider-tassa-dans-les-myriades wp-block-embed-tassa-dans-les-myriades\"><div class=\"wp-block-embed__wrapper\">\n<blockquote class=\"wp-embedded-content\" data-secret=\"5ZWJyq08fQ\"><a href=\"https:\/\/tassadanslesmyriades.fr\/?p=918\">20241014_Lundi lecture &amp; Dailylog<\/a><\/blockquote><iframe loading=\"lazy\" class=\"wp-embedded-content\" sandbox=\"allow-scripts\" security=\"restricted\" style=\"position: absolute; visibility: hidden;\" title=\"\u00ab\u00a020241014_Lundi lecture &amp; Dailylog\u00a0\u00bb &#8212; Tassa Dans Les Myriades\" src=\"https:\/\/tassadanslesmyriades.fr\/?p=918&#038;embed=true#?secret=kgjNQUO2MM#?secret=5ZWJyq08fQ\" data-secret=\"5ZWJyq08fQ\" width=\"500\" height=\"282\" frameborder=\"0\" marginwidth=\"0\" marginheight=\"0\" scrolling=\"no\"><\/iframe>\n<\/div><\/figure>\n\n\n\n<h2 class=\"wp-block-heading\"><span class=\"ez-toc-section\" id=\"Lecture_du_mardi_co\"><\/span>Lecture du mardi &amp; co<span class=\"ez-toc-section-end\"><\/span><\/h2>\n\n\n\n<figure class=\"wp-block-embed is-type-wp-embed is-provider-tassa-dans-les-myriades wp-block-embed-tassa-dans-les-myriades\"><div class=\"wp-block-embed__wrapper\">\n<blockquote class=\"wp-embedded-content\" data-secret=\"VnVzPC9cBA\"><a href=\"https:\/\/tassadanslesmyriades.fr\/?p=953\">20241016_dailylog Read with me la suite<\/a><\/blockquote><iframe loading=\"lazy\" class=\"wp-embedded-content\" sandbox=\"allow-scripts\" security=\"restricted\" style=\"position: absolute; visibility: hidden;\" title=\"\u00ab\u00a020241016_dailylog Read with me la suite\u00a0\u00bb &#8212; Tassa Dans Les Myriades\" src=\"https:\/\/tassadanslesmyriades.fr\/?p=953&#038;embed=true#?secret=bNqgyw69XM#?secret=VnVzPC9cBA\" data-secret=\"VnVzPC9cBA\" width=\"500\" height=\"282\" frameborder=\"0\" marginwidth=\"0\" marginheight=\"0\" scrolling=\"no\"><\/iframe>\n<\/div><\/figure>\n\n\n\n<h2 class=\"wp-block-heading\"><span class=\"ez-toc-section\" id=\"Lecture_des_jours_suivants_mercredi_%E2%80%93_jeudi\"><\/span>Lecture des jours suivants (mercredi &#8211; jeudi)<span class=\"ez-toc-section-end\"><\/span><\/h2>\n\n\n\n<figure class=\"wp-block-embed is-type-wp-embed is-provider-tassa-dans-les-myriades wp-block-embed-tassa-dans-les-myriades\"><div class=\"wp-block-embed__wrapper\">\n<blockquote class=\"wp-embedded-content\" data-secret=\"VnVzPC9cBA\"><a href=\"https:\/\/tassadanslesmyriades.fr\/?p=953\">20241016_dailylog Read with me la suite<\/a><\/blockquote><iframe loading=\"lazy\" class=\"wp-embedded-content\" sandbox=\"allow-scripts\" security=\"restricted\" style=\"position: absolute; visibility: hidden;\" title=\"\u00ab\u00a020241016_dailylog Read with me la suite\u00a0\u00bb &#8212; Tassa Dans Les Myriades\" src=\"https:\/\/tassadanslesmyriades.fr\/?p=953&#038;embed=true#?secret=bNqgyw69XM#?secret=VnVzPC9cBA\" data-secret=\"VnVzPC9cBA\" width=\"500\" height=\"282\" frameborder=\"0\" marginwidth=\"0\" marginheight=\"0\" scrolling=\"no\"><\/iframe>\n<\/div><\/figure>\n","protected":false},"excerpt":{"rendered":"<p>Hello hello hello Pourquoi dire trois fois hello ? Je ne sais. Mais je vous emm\u00e8ne avec moi, de force, dans ma semaine de lectures. Quand je dis \u00ab&nbsp;semaine&nbsp;\u00bb je m\u2019avance un peu, on commence dimanche dernier et on finira s\u00fbrement la semaine prochaine, car cet article va \u00e9voluer au fil de mes lectures. Au [&hellip;]<\/p>\n","protected":false},"author":1,"featured_media":0,"comment_status":"open","ping_status":"closed","sticky":false,"template":"","format":"standard","meta":{"footnotes":""},"categories":[4],"tags":[75,33,57,55,76,77,74,58,43],"class_list":["post-870","post","type-post","status-publish","format-standard","hentry","category-edito","tag-cine-n","tag-liste","tag-litte-c","tag-litte-l","tag-litte-p","tag-litte-r","tag-litte-s","tag-litte-t","tag-livre"],"_links":{"self":[{"href":"https:\/\/tassadanslesmyriades.fr\/index.php?rest_route=\/wp\/v2\/posts\/870","targetHints":{"allow":["GET"]}}],"collection":[{"href":"https:\/\/tassadanslesmyriades.fr\/index.php?rest_route=\/wp\/v2\/posts"}],"about":[{"href":"https:\/\/tassadanslesmyriades.fr\/index.php?rest_route=\/wp\/v2\/types\/post"}],"author":[{"embeddable":true,"href":"https:\/\/tassadanslesmyriades.fr\/index.php?rest_route=\/wp\/v2\/users\/1"}],"replies":[{"embeddable":true,"href":"https:\/\/tassadanslesmyriades.fr\/index.php?rest_route=%2Fwp%2Fv2%2Fcomments&post=870"}],"version-history":[{"count":29,"href":"https:\/\/tassadanslesmyriades.fr\/index.php?rest_route=\/wp\/v2\/posts\/870\/revisions"}],"predecessor-version":[{"id":965,"href":"https:\/\/tassadanslesmyriades.fr\/index.php?rest_route=\/wp\/v2\/posts\/870\/revisions\/965"}],"wp:attachment":[{"href":"https:\/\/tassadanslesmyriades.fr\/index.php?rest_route=%2Fwp%2Fv2%2Fmedia&parent=870"}],"wp:term":[{"taxonomy":"category","embeddable":true,"href":"https:\/\/tassadanslesmyriades.fr\/index.php?rest_route=%2Fwp%2Fv2%2Fcategories&post=870"},{"taxonomy":"post_tag","embeddable":true,"href":"https:\/\/tassadanslesmyriades.fr\/index.php?rest_route=%2Fwp%2Fv2%2Ftags&post=870"}],"curies":[{"name":"wp","href":"https:\/\/api.w.org\/{rel}","templated":true}]}}