{"id":982,"date":"2024-10-22T20:42:42","date_gmt":"2024-10-22T20:42:42","guid":{"rendered":"https:\/\/tassadanslesmyriades.fr\/?p=982"},"modified":"2024-10-22T20:42:42","modified_gmt":"2024-10-22T20:42:42","slug":"20241022_dailylog-deficit-culturel","status":"publish","type":"post","link":"https:\/\/tassadanslesmyriades.fr\/?p=982","title":{"rendered":"20241022_dailylog d\u00e9ficit culturel"},"content":{"rendered":"\n<p>J\u2019ai toujours eu ce probl\u00e8me du d\u00e9ficit culturel. M\u00eame si je suis n\u00e9e dans une famille cultiv\u00e9e, privil\u00e9gi\u00e9e, et ais\u00e9e, l\u2019aspect intellectuel n\u2019a jamais \u00e9t\u00e9 valoris\u00e9 \u00e0 100%. Il fallait juste \u00eatre intelligent, c\u2019est-\u00e0-dire avoir de bonnes notes \u00e0 la maison. Mais conna\u00eetre les choses par les noms, les faits, les \u00e9v\u00e9nements, ce n\u2019\u00e9tait pas aussi important que vivre des choses. Dans un certain sens, c\u2019est vachement bien, car j\u2019ai d\u00e9velopp\u00e9 une meilleure sensibilit\u00e9. Et on s\u2019en fout de ne pas savoir (enfin, m\u00eame si en fait \u00e7a cachait aussi le probl\u00e8me de la g\u00eane de ne pas savoir justement\u2026)<\/p>\n\n\n\n<p>D\u2019un autre c\u00f4t\u00e9, j\u2019ai v\u00e9cu dans un univers o\u00f9 on me disait qu\u2019\u00e9couter de la musique d\u2019op\u00e9ra, c\u2019\u00e9tait trop bourgeois et que \u00e7a donnait l\u2019air que je me la p\u00e9tais. \u00c0 l\u2019oppos\u00e9, \u00e9couter C\u00e9line Dion, c\u2019\u00e9tait vu comme un peu beauf. Il y avait donc une forme de cercle infranchissable. Lire mais lire un seul type de roman (le polar historique) et \u00eatre culpabilis\u00e9 sur les livres qui sortaient du cadre : c\u2019est trop triste pour toi, c\u2019est trop dur. Les classiques c\u2019est plut\u00f4t fait pour les intellos bobos m\u00e9prisants. Les bandes dessin\u00e9es c\u2019est violent et enfantins. Apprendre, mais apprendre quoi, les langues c\u2019est utile, la musique, oui, peut-\u00eatre le reste un peu moins. La musique c\u2019est noble. Le chinois c\u2019est l\u2019avenir. J\u2019ai donc fait tout ce qui \u00e9tait bien et correct. Attendu dans la mini soci\u00e9t\u00e9 dans laquelle je vivais. Aucune conversation intellectuelle dans la famille. Par contre, une s\u00e9rie de gestes, de fa\u00e7ons de faire, des circonstances et des activit\u00e9s culturelles et cr\u00e9atives qui m\u2019ont fait devenir ce que je suis <em>today<\/em>. C\u2019est peut-\u00eatre pour \u00e7a que je n\u2019aime pas tant participer \u00e0 des conversations intellectuelles car je ne m\u2019y sens pas \u00e0 l\u2019aise. Pourtant j\u2019adore en \u00e9couter. <\/p>\n\n\n\n<p>Toutefois je n\u2019ai jamais eu de barri\u00e8re dans ma t\u00eate. Je d\u00e9vorais tout ce qui passe en lecture, en musique et plus tard en film. Mais je n\u2019ai acquis cette sorte de culture que tardivement, apr\u00e8s la terminale. Ado, c\u2019\u00e9tait mes amies qui m\u2019apprenaient des choses sur la culture t\u00e9l\u00e9visuelle, car longtemps je n\u2019ai rien eu le droit de regarder sauf en cassettes ou alors seulement une ou deux s\u00e9ries. C\u2019\u00e9tait au CDI ou \u00e0 la biblioth\u00e8que que je lisais toutes les collections. C\u2019est \u00e0 la fac que j\u2019ai d\u00e9couvert la litt\u00e9rature noire am\u00e9ricaine, toutes les autres femmes qui \u00e9crivent autres qu\u2019 Agatha Christie et Jane Austen, la litt\u00e9rature queer et le <em>nature writing<\/em>. Les livres de philo. Les essais. C\u2019\u00e9tait \u00e0 l\u2019ext\u00e9rieur, en gros, que je me cultivais. Et \u00e7a c\u2019est bien.<\/p>\n\n\n\n<p>Ado j\u2019ai attendu l\u2019\u00e2ge de 15 ans pour avoir ma premi\u00e8re tablette Palm achet\u00e9e avec mon argent de poche, car je n\u2019achetais pas grand chose d\u2019autres. Quand j\u2019en parle, je me dis que c\u2019est compl\u00e8tement en d\u00e9calage avec ce qui vivaient d\u2019autres personnes de mon \u00e2ge. J\u2019\u00e9tais d\u00e9j\u00e0 une putain de geek. Au d\u00e9part je pensais l\u2019utiliser pour \u00e9couter de la musique. Et en fait, j\u2019ai vite compris que je pouvais pirater pour avoir la t\u00e9l\u00e9vision dessus, t\u00e9l\u00e9charger des livres, aller sur des sites d\u2019encyclop\u00e9die et apprendre. J\u2019ai cr\u00e9\u00e9 un forum avec forumactif dans lequel j\u2019ai fabriqu\u00e9 une encyclop\u00e9die partag\u00e9e.<\/p>\n\n\n\n<p>Je suis partie de ma campagne profonde pour arriver en ville. J\u2019ai vu des librairies un peu cool. J\u2019ai crois\u00e9 la route d\u2019Instagram hashtag bookstagram et ma vie a chang\u00e9. <\/p>\n\n\n\n<p>Un de mes probl\u00e8mes aujourd\u2019hui dans mon m\u00e9tier, c\u2019est de graviter autour de gens qui ont l\u2019agr\u00e9gation, le doctorat, l\u2019ENS, je ne sais quoi encore, et qui se sentent, sans le faire expr\u00e8s je pense, sup\u00e9rieurs intellectuellement et culturellement. \u00ab&nbsp;Ah vous ne connaissez pas un tel ? Bah quand m\u00eame c\u2019est connu !! vous devriez !&nbsp;\u00bb \u2026 \u00ab&nbsp;quoi ? Ce n\u2019est pas votre livre de chevet ??!&nbsp;\u00bb. Parler de culture n\u2019est pas donn\u00e9 \u00e0 tout le monde. Maintenant que je vis dans cette soci\u00e9t\u00e9 l\u00e0, je suis vraiment heureuse, mais je ne m\u2019y sens pas encore assez confortable, l\u00e9gitime. <\/p>\n\n\n\n<p>Je n\u2019ai pas la m\u00eame culture. Je n\u2019ai pas fait le m\u00eame parcours qu\u2019eux. Le jour de la soutenance de m\u00e9moire, cela s\u2019est senti, car j\u2019avais redoubl\u00e9 d\u2019effort pour lire 3 fois plus que n\u2019importe quel \u00e9tudiant de ma promotion, afin de rattraper mon retard. On m\u2019a d\u2019ailleurs f\u00e9licit\u00e9 pour ma capacit\u00e9 \u00e0 engloutir la litt\u00e9rature sp\u00e9cialis\u00e9e. Ce qui fait que, contrairement \u00e0 mes coll\u00e8gues, j\u2019ai bien obtenu mon concours de l\u2019enseignement \u00e9galement la m\u00eame ann\u00e9e et obtenu ma bourse de th\u00e8se. Heureusement, j\u2019ai tout de m\u00eame des directions de th\u00e8se qui n\u2019ont pas cette vantardise culturelle et qui comblent d\u2019ailleurs leur manque culturel par des combines dont j\u2019ai remarqu\u00e9 les ressorts.<\/p>\n\n\n\n<p>Ouf. Maintenant. Apr\u00e8s. La d\u00e9pression. Pourquoi. Pourquoi apprendre tout \u00e7a. Oui la connaissance c\u2019est bien. En France, on nous culpabilise de ne pas savoir. C\u2019est un gouffre, un foss\u00e9, qui a \u00e9t\u00e9 impos\u00e9 comme \u00e7a par les gouvernements et les politiques successives. Il y\u2019a ceux qui peuvent, ceux qui \u0153uvrent. <\/p>\n\n\n\n<p>Alors je continue de me \u00ab&nbsp;cultiver&nbsp;\u00bb, comme une putain de plante. Et j\u2019esp\u00e8re que d\u2019autres aussi le feront. Mais sans culpabiliser.<\/p>\n\n\n\n<p>Mais parfois, je passe pour cette personne qui sait tout et qui passe au-dessus des choses. Qui a l\u2019air imbue d\u2019elle-m\u00eame et qui semble d\u00e9connect\u00e9e. Et j\u2019essaye de me corriger. Je n\u2019ai pas envie d\u2019\u00eatre cette personne l\u00e0 non plus. <\/p>\n\n\n\n<p>Tu ne connais pas \u00e7a ou \u00e7a ?<\/p>\n\n\n\n<p>Ce n\u2019est pas grave.<\/p>\n\n\n\n<p>Tiens je te donne le livre.<\/p>\n\n\n\n<p>Tiens je t\u2019explique. <\/p>\n\n\n\n<p>Tiens je te donne des pistes pour aller comprendre telle ou telle chose. <\/p>\n\n\n\n<p>Le monde ouvert. <\/p>\n\n\n\n<p>Dans un monde ferm\u00e9. Qui juge. Et sanctionne le manque de culture \u00e0 l\u2019\u00e9chelle de la fracture des classes sociales. <\/p>\n\n\n\n<figure class=\"wp-block-image aligncenter size-large\"><img loading=\"lazy\" decoding=\"async\" width=\"576\" height=\"1024\" src=\"https:\/\/tassadanslesmyriades.fr\/wp-content\/uploads\/2024\/10\/b8533892-79cd-48e0-8bae-56513e842358-1-576x1024.jpg\" class=\"wp-image-983\" srcset=\"https:\/\/tassadanslesmyriades.fr\/wp-content\/uploads\/2024\/10\/b8533892-79cd-48e0-8bae-56513e842358-1-576x1024.jpg 576w, https:\/\/tassadanslesmyriades.fr\/wp-content\/uploads\/2024\/10\/b8533892-79cd-48e0-8bae-56513e842358-1-169x300.jpg 169w, https:\/\/tassadanslesmyriades.fr\/wp-content\/uploads\/2024\/10\/b8533892-79cd-48e0-8bae-56513e842358-1-768x1365.jpg 768w, https:\/\/tassadanslesmyriades.fr\/wp-content\/uploads\/2024\/10\/b8533892-79cd-48e0-8bae-56513e842358-1-864x1536.jpg 864w, https:\/\/tassadanslesmyriades.fr\/wp-content\/uploads\/2024\/10\/b8533892-79cd-48e0-8bae-56513e842358-1.jpg 1125w\" sizes=\"auto, (max-width: 576px) 100vw, 576px\" \/><figcaption class=\"wp-element-caption\">Ma petite chienne Lyra qui dort au soleil dans la v\u00e9randa dans un fauteuil de jardin en plastique blanc avec des jolis coussins dans les tons verts blancs et jaunes entour\u00e9e de plantes vertes d\u2019int\u00e9rieur. <\/figcaption><\/figure>\n\n\n\n<div id=\"ez-toc-container\" class=\"ez-toc-v2_0_82_2 counter-hierarchy ez-toc-counter ez-toc-grey ez-toc-container-direction\">\r\n<div class=\"ez-toc-title-container\">\r\n<p class=\"ez-toc-title\" style=\"cursor:inherit\">Table of Contents<\/p>\r\n<span class=\"ez-toc-title-toggle\"><a href=\"#\" class=\"ez-toc-pull-right ez-toc-btn ez-toc-btn-xs ez-toc-btn-default ez-toc-toggle\" aria-label=\"Toggle Table of Content\"><span class=\"ez-toc-js-icon-con\"><span class=\"\"><span class=\"eztoc-hide\" style=\"display:none;\">Toggle<\/span><span class=\"ez-toc-icon-toggle-span\"><svg style=\"fill: #999;color:#999\" xmlns=\"http:\/\/www.w3.org\/2000\/svg\" class=\"list-377408\" width=\"20px\" height=\"20px\" viewBox=\"0 0 24 24\" fill=\"none\"><path d=\"M6 6H4v2h2V6zm14 0H8v2h12V6zM4 11h2v2H4v-2zm16 0H8v2h12v-2zM4 16h2v2H4v-2zm16 0H8v2h12v-2z\" fill=\"currentColor\"><\/path><\/svg><svg style=\"fill: #999;color:#999\" class=\"arrow-unsorted-368013\" xmlns=\"http:\/\/www.w3.org\/2000\/svg\" width=\"10px\" height=\"10px\" viewBox=\"0 0 24 24\" version=\"1.2\" baseProfile=\"tiny\"><path d=\"M18.2 9.3l-6.2-6.3-6.2 6.3c-.2.2-.3.4-.3.7s.1.5.3.7c.2.2.4.3.7.3h11c.3 0 .5-.1.7-.3.2-.2.3-.5.3-.7s-.1-.5-.3-.7zM5.8 14.7l6.2 6.3 6.2-6.3c.2-.2.3-.5.3-.7s-.1-.5-.3-.7c-.2-.2-.4-.3-.7-.3h-11c-.3 0-.5.1-.7.3-.2.2-.3.5-.3.7s.1.5.3.7z\"\/><\/svg><\/span><\/span><\/span><\/a><\/span><\/div>\r\n<nav><ul class='ez-toc-list ez-toc-list-level-1 ' ><li class='ez-toc-page-1 ez-toc-heading-level-2'><a class=\"ez-toc-link ez-toc-heading-1\" href=\"https:\/\/tassadanslesmyriades.fr\/?p=982\/#Sinon_jai_lu\" >Sinon j\u2019ai lu :<\/a><\/li><li class='ez-toc-page-1 ez-toc-heading-level-2'><a class=\"ez-toc-link ez-toc-heading-2\" href=\"https:\/\/tassadanslesmyriades.fr\/?p=982\/#Et_jai_ecoute\" >Et j\u2019ai \u00e9cout\u00e9 :<\/a><\/li><li class='ez-toc-page-1 ez-toc-heading-level-2'><a class=\"ez-toc-link ez-toc-heading-3\" href=\"https:\/\/tassadanslesmyriades.fr\/?p=982\/#Jai_regarde\" >J\u2019ai regard\u00e9<\/a><\/li><\/ul><\/nav><\/div>\r\n<h2 class=\"wp-block-heading\"><span class=\"ez-toc-section\" id=\"Sinon_jai_lu\"><\/span>Sinon j\u2019ai lu :<span class=\"ez-toc-section-end\"><\/span><\/h2>\n\n\n\n<p>Euh j\u2019ai lu des trucs. <\/p>\n\n\n\n<p>\u2014-<\/p>\n\n\n\n<h2 class=\"wp-block-heading\"><span class=\"ez-toc-section\" id=\"Et_jai_ecoute\"><\/span>Et j\u2019ai \u00e9cout\u00e9 :<span class=\"ez-toc-section-end\"><\/span><\/h2>\n\n\n\n<ul class=\"wp-block-list\">\n<li>Les lectures d\u2019Emile Roy <a href=\"https:\/\/youtu.be\/nwugFI-DkOY?si=QG7B05tSnD6cYPNG\">https:\/\/youtu.be\/nwugFI-DkOY?si=QG7B05tSnD6cYPNG<\/a><\/li>\n<\/ul>\n\n\n\n<ul class=\"wp-block-list\">\n<li>Aur\u00e9lien Barreau <a href=\"https:\/\/youtu.be\/XNtucQbEEls?si=QGUgQ6eWl5eOEo03\">https:\/\/youtu.be\/XNtucQbEEls?si=QGUgQ6eWl5eOEo03<\/a><\/li>\n<\/ul>\n\n\n\n<ul class=\"wp-block-list\">\n<li>Aur\u00e9lien Barreau 2 <a href=\"https:\/\/youtu.be\/zm0A0srTXvg?si=VEi3lrJ8JevbbEV6\">https:\/\/youtu.be\/zm0A0srTXvg?si=VEi3lrJ8JevbbEV6<\/a><\/li>\n\n\n\n<li>C\u00e9dric Villani <a href=\"https:\/\/youtu.be\/rLFUnCUyPko?si=wlmPhlQaC_qCiPQz\">https:\/\/youtu.be\/rLFUnCUyPko?si=wlmPhlQaC_qCiPQz<\/a><\/li>\n<\/ul>\n\n\n\n<ul class=\"wp-block-list\">\n<li>Scripta Manent <a href=\"https:\/\/youtu.be\/S4bBxwjHSAw?si=HLwhN6oiqDEHpjB4\">https:\/\/youtu.be\/S4bBxwjHSAw?si=HLwhN6oiqDEHpjB4<\/a><\/li>\n<\/ul>\n\n\n\n<h2 class=\"wp-block-heading\"><span class=\"ez-toc-section\" id=\"Jai_regarde\"><\/span>J\u2019ai regard\u00e9 <span class=\"ez-toc-section-end\"><\/span><\/h2>\n\n\n\n<p><strong><em>Love is Blind Habibi<\/em><\/strong> : trop bien ! (Aucun autre commentaire)<\/p>\n\n\n\n<p><strong><em>Agatha All Along<\/em><\/strong> : tr\u00e8s cool bien qu\u2019un peu frustrant <\/p>\n","protected":false},"excerpt":{"rendered":"<p>J\u2019ai toujours eu ce probl\u00e8me du d\u00e9ficit culturel. M\u00eame si je suis n\u00e9e dans une famille cultiv\u00e9e, privil\u00e9gi\u00e9e, et ais\u00e9e, l\u2019aspect intellectuel n\u2019a jamais \u00e9t\u00e9 valoris\u00e9 \u00e0 100%. Il fallait juste \u00eatre intelligent, c\u2019est-\u00e0-dire avoir de bonnes notes \u00e0 la maison. Mais conna\u00eetre les choses par les noms, les faits, les \u00e9v\u00e9nements, ce n\u2019\u00e9tait pas [&hellip;]<\/p>\n","protected":false},"author":1,"featured_media":0,"comment_status":"open","ping_status":"closed","sticky":false,"template":"","format":"standard","meta":{"footnotes":""},"categories":[11,42],"tags":[12,33,43],"class_list":["post-982","post","type-post","status-publish","format-standard","hentry","category-daily-logs","category-livres","tag-billet-quotidien","tag-liste","tag-livre"],"_links":{"self":[{"href":"https:\/\/tassadanslesmyriades.fr\/index.php?rest_route=\/wp\/v2\/posts\/982","targetHints":{"allow":["GET"]}}],"collection":[{"href":"https:\/\/tassadanslesmyriades.fr\/index.php?rest_route=\/wp\/v2\/posts"}],"about":[{"href":"https:\/\/tassadanslesmyriades.fr\/index.php?rest_route=\/wp\/v2\/types\/post"}],"author":[{"embeddable":true,"href":"https:\/\/tassadanslesmyriades.fr\/index.php?rest_route=\/wp\/v2\/users\/1"}],"replies":[{"embeddable":true,"href":"https:\/\/tassadanslesmyriades.fr\/index.php?rest_route=%2Fwp%2Fv2%2Fcomments&post=982"}],"version-history":[{"count":1,"href":"https:\/\/tassadanslesmyriades.fr\/index.php?rest_route=\/wp\/v2\/posts\/982\/revisions"}],"predecessor-version":[{"id":984,"href":"https:\/\/tassadanslesmyriades.fr\/index.php?rest_route=\/wp\/v2\/posts\/982\/revisions\/984"}],"wp:attachment":[{"href":"https:\/\/tassadanslesmyriades.fr\/index.php?rest_route=%2Fwp%2Fv2%2Fmedia&parent=982"}],"wp:term":[{"taxonomy":"category","embeddable":true,"href":"https:\/\/tassadanslesmyriades.fr\/index.php?rest_route=%2Fwp%2Fv2%2Fcategories&post=982"},{"taxonomy":"post_tag","embeddable":true,"href":"https:\/\/tassadanslesmyriades.fr\/index.php?rest_route=%2Fwp%2Fv2%2Ftags&post=982"}],"curies":[{"name":"wp","href":"https:\/\/api.w.org\/{rel}","templated":true}]}}